{"id":16362,"date":"2022-12-15T14:16:02","date_gmt":"2022-12-15T17:16:02","guid":{"rendered":"http:\/\/faec.org.br\/sistema\/?p=16362"},"modified":"2022-12-15T14:16:23","modified_gmt":"2022-12-15T17:16:23","slug":"faec-apresenta-previsao-para-a-estacao-climatica-em-2023-e-lanca-pec-nordeste-2023","status":"publish","type":"post","link":"https:\/\/faec.org.br\/sistema\/faec-apresenta-previsao-para-a-estacao-climatica-em-2023-e-lanca-pec-nordeste-2023\/","title":{"rendered":"Faec apresenta previs\u00e3o para a esta\u00e7\u00e3o clim\u00e1tica em 2023; e lan\u00e7a PEC Nordeste 2023"},"content":{"rendered":"<p><img loading=\"lazy\" decoding=\"async\" class=\"size-medium wp-image-16249 alignleft\" src=\"http:\/\/faec.org.br\/sistema\/wp-content\/uploads\/2022\/11\/faec-300x225.jpg\" alt=\"\" width=\"300\" height=\"225\" srcset=\"https:\/\/faec.org.br\/sistema\/wp-content\/uploads\/2022\/11\/faec-300x225.jpg 300w, https:\/\/faec.org.br\/sistema\/wp-content\/uploads\/2022\/11\/faec-1440x1080.jpg 1440w, https:\/\/faec.org.br\/sistema\/wp-content\/uploads\/2022\/11\/faec-768x576.jpg 768w, https:\/\/faec.org.br\/sistema\/wp-content\/uploads\/2022\/11\/faec-1536x1152.jpg 1536w, https:\/\/faec.org.br\/sistema\/wp-content\/uploads\/2022\/11\/faec-24x18.jpg 24w, https:\/\/faec.org.br\/sistema\/wp-content\/uploads\/2022\/11\/faec-36x27.jpg 36w, https:\/\/faec.org.br\/sistema\/wp-content\/uploads\/2022\/11\/faec-48x36.jpg 48w, https:\/\/faec.org.br\/sistema\/wp-content\/uploads\/2022\/11\/faec.jpg 1600w\" sizes=\"auto, (max-width: 300px) 100vw, 300px\" \/>A Federa\u00e7\u00e3o da Agricultura e Pecu\u00e1ria do Estado do Cear\u00e1 (Faec) apresenta nesta sexta-feira (16) as \u201cPerspectivas Clim\u00e1ticas Para o Cear\u00e1 em 2023\u201d. O evento contar\u00e1 com a participa\u00e7\u00e3o de Francisco de Assis Diniz, consultor clim\u00e1tico, meteorologista e mestre em climatologia; Luiz Carlos Baldicero Molion, p\u00f3s-doutor em hidrologia de florestas, pesquisador do Instituto Nacional de Pesquisas Espaciais; e Eduardo S\u00e1vio Martins, presidente da Funceme.<\/p>\n<p>&#8220;Vamos trazer, com a devida anteced\u00eancia, as perspectivas para o clima do Cear\u00e1 para o pr\u00f3ximo ano. A nossa ideia \u00e9 fazer com que os produtores rurais possam se preparar adequadamente&#8221;, destaca o presidente da Faec, Am\u00edlcar Silveira.<\/p>\n<p>Na ocasi\u00e3o, ser\u00e1 realizado o lan\u00e7amento do PEC Nordeste 2023, maior feira agropecu\u00e1ria da regi\u00e3o Nordeste, que na pr\u00f3xima edi\u00e7\u00e3o ter\u00e1 o dobro da \u00e1rea utilizada em 2022.<\/p>\n","protected":false},"excerpt":{"rendered":"<p>A Federa\u00e7\u00e3o da Agricultura e Pecu\u00e1ria do Estado do Cear\u00e1 (Faec) apresenta nesta sexta-feira (16) as \u201cPerspectivas Clim\u00e1ticas Para o Cear\u00e1 em 2023\u201d. O evento contar\u00e1 com a participa\u00e7\u00e3o de Francisco de Assis Diniz, consultor clim\u00e1tico, meteorologista e mestre em climatologia; Luiz Carlos Baldicero Molion, p\u00f3s-doutor em hidrologia de florestas, pesquisador do Instituto Nacional de [&hellip;]<\/p>\n","protected":false},"author":1,"featured_media":16249,"comment_status":"open","ping_status":"open","sticky":false,"template":"","format":"standard","meta":{"footnotes":"","_links_to":"","_links_to_target":""},"categories":[5],"tags":[],"class_list":{"0":"post-16362","1":"post","2":"type-post","3":"status-publish","4":"format-standard","5":"has-post-thumbnail","7":"category-noticias","8":"czr-hentry"},"aioseo_notices":[],"_links":{"self":[{"href":"https:\/\/faec.org.br\/sistema\/wp-json\/wp\/v2\/posts\/16362","targetHints":{"allow":["GET"]}}],"collection":[{"href":"https:\/\/faec.org.br\/sistema\/wp-json\/wp\/v2\/posts"}],"about":[{"href":"https:\/\/faec.org.br\/sistema\/wp-json\/wp\/v2\/types\/post"}],"author":[{"embeddable":true,"href":"https:\/\/faec.org.br\/sistema\/wp-json\/wp\/v2\/users\/1"}],"replies":[{"embeddable":true,"href":"https:\/\/faec.org.br\/sistema\/wp-json\/wp\/v2\/comments?post=16362"}],"version-history":[{"count":2,"href":"https:\/\/faec.org.br\/sistema\/wp-json\/wp\/v2\/posts\/16362\/revisions"}],"predecessor-version":[{"id":16364,"href":"https:\/\/faec.org.br\/sistema\/wp-json\/wp\/v2\/posts\/16362\/revisions\/16364"}],"wp:featuredmedia":[{"embeddable":true,"href":"https:\/\/faec.org.br\/sistema\/wp-json\/wp\/v2\/media\/16249"}],"wp:attachment":[{"href":"https:\/\/faec.org.br\/sistema\/wp-json\/wp\/v2\/media?parent=16362"}],"wp:term":[{"taxonomy":"category","embeddable":true,"href":"https:\/\/faec.org.br\/sistema\/wp-json\/wp\/v2\/categories?post=16362"},{"taxonomy":"post_tag","embeddable":true,"href":"https:\/\/faec.org.br\/sistema\/wp-json\/wp\/v2\/tags?post=16362"}],"curies":[{"name":"wp","href":"https:\/\/api.w.org\/{rel}","templated":true}]}}