{"id":16356,"date":"2022-12-13T15:28:58","date_gmt":"2022-12-13T18:28:58","guid":{"rendered":"http:\/\/faec.org.br\/sistema\/?p=16356"},"modified":"2022-12-13T15:28:58","modified_gmt":"2022-12-13T18:28:58","slug":"faec-organiza-forum-do-leite-no-ceara-e-avalia-parceria-com-a-conab-para-distribuicao-de-graos","status":"publish","type":"post","link":"https:\/\/faec.org.br\/sistema\/faec-organiza-forum-do-leite-no-ceara-e-avalia-parceria-com-a-conab-para-distribuicao-de-graos\/","title":{"rendered":"Faec organiza F\u00f3rum do Leite no Cear\u00e1 ; e avalia parceria com a Conab para distribui\u00e7\u00e3o de gr\u00e3os"},"content":{"rendered":"<p>O presidente da Federa\u00e7\u00e3o da Agricultura e Pecu\u00e1ria do Estado do Cear\u00e1 (Faec), Am\u00edlcar Silveira, se reuniu, nesta segunda-feira (12), com o presidente da C\u00e2mara Tem\u00e1tica do Leite e Derivados, Jos\u00e9 Antunes, David Gir\u00e3o, da Bet\u00e2nia L\u00e1cteos, e com o deputado estadual eleito Felipe Mota para tratar da realiza\u00e7\u00e3o do F\u00f3rum do Leite no Cear\u00e1. O evento ser\u00e1 realizado neste m\u00eas e contar\u00e1 com a participa\u00e7\u00e3o de 30 produtores de leite do Cear\u00e1.<\/p>\n<figure id=\"attachment_16357\" aria-describedby=\"caption-attachment-16357\" style=\"width: 377px\" class=\"wp-caption aligncenter\"><img loading=\"lazy\" decoding=\"async\" class=\"wp-image-16357 \" src=\"http:\/\/faec.org.br\/sistema\/wp-content\/uploads\/2022\/12\/70e3f2f8-fa10-422f-abcf-08c7d27ffe01-300x225.jpg\" alt=\"\" width=\"377\" height=\"283\" srcset=\"https:\/\/faec.org.br\/sistema\/wp-content\/uploads\/2022\/12\/70e3f2f8-fa10-422f-abcf-08c7d27ffe01-300x225.jpg 300w, https:\/\/faec.org.br\/sistema\/wp-content\/uploads\/2022\/12\/70e3f2f8-fa10-422f-abcf-08c7d27ffe01-1440x1080.jpg 1440w, https:\/\/faec.org.br\/sistema\/wp-content\/uploads\/2022\/12\/70e3f2f8-fa10-422f-abcf-08c7d27ffe01-768x576.jpg 768w, https:\/\/faec.org.br\/sistema\/wp-content\/uploads\/2022\/12\/70e3f2f8-fa10-422f-abcf-08c7d27ffe01-1536x1152.jpg 1536w, https:\/\/faec.org.br\/sistema\/wp-content\/uploads\/2022\/12\/70e3f2f8-fa10-422f-abcf-08c7d27ffe01-24x18.jpg 24w, https:\/\/faec.org.br\/sistema\/wp-content\/uploads\/2022\/12\/70e3f2f8-fa10-422f-abcf-08c7d27ffe01-36x27.jpg 36w, https:\/\/faec.org.br\/sistema\/wp-content\/uploads\/2022\/12\/70e3f2f8-fa10-422f-abcf-08c7d27ffe01-48x36.jpg 48w, https:\/\/faec.org.br\/sistema\/wp-content\/uploads\/2022\/12\/70e3f2f8-fa10-422f-abcf-08c7d27ffe01.jpg 1600w\" sizes=\"auto, (max-width: 377px) 100vw, 377px\" \/><figcaption id=\"caption-attachment-16357\" class=\"wp-caption-text\">David Gir\u00e3o, Jos\u00e9 Antunes, Am\u00edlcar Silveira e Felipe Mota.<\/figcaption><\/figure>\n<p>Ap\u00f3s a reuni\u00e3o, Am\u00edlcar Silveira recebeu o diretor-presidente da Companhia Nacional de Abastecimento (Conab), Guilherme Sanches, e a superintendente Regional da Conab no Cear\u00e1, Priscilla Ara\u00fajo Lopes, para tratar de um projeto-piloto voltado para distribui\u00e7\u00e3o de milho a produtores rurais. Inicialmente, a a\u00e7\u00e3o ser\u00e1 realizada em cinco munic\u00edpios, com o apoio das respectivas prefeituras, e prev\u00ea o uso de galp\u00f5es para a distribui\u00e7\u00e3o dos gr\u00e3os.<\/p>\n<figure id=\"attachment_16358\" aria-describedby=\"caption-attachment-16358\" style=\"width: 381px\" class=\"wp-caption aligncenter\"><img loading=\"lazy\" decoding=\"async\" class=\"wp-image-16358\" src=\"http:\/\/faec.org.br\/sistema\/wp-content\/uploads\/2022\/12\/6ef605b0-6949-4c48-8bff-28105e7b461d-300x225.jpg\" alt=\"\" width=\"381\" height=\"286\" srcset=\"https:\/\/faec.org.br\/sistema\/wp-content\/uploads\/2022\/12\/6ef605b0-6949-4c48-8bff-28105e7b461d-300x225.jpg 300w, https:\/\/faec.org.br\/sistema\/wp-content\/uploads\/2022\/12\/6ef605b0-6949-4c48-8bff-28105e7b461d-1440x1080.jpg 1440w, https:\/\/faec.org.br\/sistema\/wp-content\/uploads\/2022\/12\/6ef605b0-6949-4c48-8bff-28105e7b461d-768x576.jpg 768w, https:\/\/faec.org.br\/sistema\/wp-content\/uploads\/2022\/12\/6ef605b0-6949-4c48-8bff-28105e7b461d-1536x1152.jpg 1536w, https:\/\/faec.org.br\/sistema\/wp-content\/uploads\/2022\/12\/6ef605b0-6949-4c48-8bff-28105e7b461d-24x18.jpg 24w, https:\/\/faec.org.br\/sistema\/wp-content\/uploads\/2022\/12\/6ef605b0-6949-4c48-8bff-28105e7b461d-36x27.jpg 36w, https:\/\/faec.org.br\/sistema\/wp-content\/uploads\/2022\/12\/6ef605b0-6949-4c48-8bff-28105e7b461d-48x36.jpg 48w, https:\/\/faec.org.br\/sistema\/wp-content\/uploads\/2022\/12\/6ef605b0-6949-4c48-8bff-28105e7b461d.jpg 1600w\" sizes=\"auto, (max-width: 381px) 100vw, 381px\" \/><figcaption id=\"caption-attachment-16358\" class=\"wp-caption-text\">Am\u00edlcar Silveira recebe Guilherme Sanches e Priscilla Ara\u00fajo Lopes, da Conab.<\/figcaption><\/figure>\n","protected":false},"excerpt":{"rendered":"<p>O presidente da Federa\u00e7\u00e3o da Agricultura e Pecu\u00e1ria do Estado do Cear\u00e1 (Faec), Am\u00edlcar Silveira, se reuniu, nesta segunda-feira (12), com o presidente da C\u00e2mara Tem\u00e1tica do Leite e Derivados, Jos\u00e9 Antunes, David Gir\u00e3o, da Bet\u00e2nia L\u00e1cteos, e com o deputado estadual eleito Felipe Mota para tratar da realiza\u00e7\u00e3o do F\u00f3rum do Leite no Cear\u00e1. [&hellip;]<\/p>\n","protected":false},"author":1,"featured_media":15787,"comment_status":"open","ping_status":"open","sticky":false,"template":"","format":"standard","meta":{"footnotes":"","_links_to":"","_links_to_target":""},"categories":[5],"tags":[280],"class_list":{"0":"post-16356","1":"post","2":"type-post","3":"status-publish","4":"format-standard","5":"has-post-thumbnail","7":"category-noticias","8":"tag-leite-conab","9":"czr-hentry"},"aioseo_notices":[],"_links":{"self":[{"href":"https:\/\/faec.org.br\/sistema\/wp-json\/wp\/v2\/posts\/16356","targetHints":{"allow":["GET"]}}],"collection":[{"href":"https:\/\/faec.org.br\/sistema\/wp-json\/wp\/v2\/posts"}],"about":[{"href":"https:\/\/faec.org.br\/sistema\/wp-json\/wp\/v2\/types\/post"}],"author":[{"embeddable":true,"href":"https:\/\/faec.org.br\/sistema\/wp-json\/wp\/v2\/users\/1"}],"replies":[{"embeddable":true,"href":"https:\/\/faec.org.br\/sistema\/wp-json\/wp\/v2\/comments?post=16356"}],"version-history":[{"count":1,"href":"https:\/\/faec.org.br\/sistema\/wp-json\/wp\/v2\/posts\/16356\/revisions"}],"predecessor-version":[{"id":16359,"href":"https:\/\/faec.org.br\/sistema\/wp-json\/wp\/v2\/posts\/16356\/revisions\/16359"}],"wp:featuredmedia":[{"embeddable":true,"href":"https:\/\/faec.org.br\/sistema\/wp-json\/wp\/v2\/media\/15787"}],"wp:attachment":[{"href":"https:\/\/faec.org.br\/sistema\/wp-json\/wp\/v2\/media?parent=16356"}],"wp:term":[{"taxonomy":"category","embeddable":true,"href":"https:\/\/faec.org.br\/sistema\/wp-json\/wp\/v2\/categories?post=16356"},{"taxonomy":"post_tag","embeddable":true,"href":"https:\/\/faec.org.br\/sistema\/wp-json\/wp\/v2\/tags?post=16356"}],"curies":[{"name":"wp","href":"https:\/\/api.w.org\/{rel}","templated":true}]}}