{"id":16233,"date":"2022-11-09T14:06:02","date_gmt":"2022-11-09T17:06:02","guid":{"rendered":"http:\/\/faec.org.br\/sistema\/?p=16233"},"modified":"2022-11-09T14:06:02","modified_gmt":"2022-11-09T17:06:02","slug":"copa-leite-comeca-nesta-quinta-10-em-quixeramobim","status":"publish","type":"post","link":"https:\/\/faec.org.br\/sistema\/copa-leite-comeca-nesta-quinta-10-em-quixeramobim\/","title":{"rendered":"Copa Leite come\u00e7a nesta quinta (10) em Quixeramobim"},"content":{"rendered":"<p><img loading=\"lazy\" decoding=\"async\" class=\" wp-image-15731 alignleft\" src=\"http:\/\/faec.org.br\/sistema\/wp-content\/uploads\/2022\/04\/Queijo.jpg\" alt=\"\" width=\"354\" height=\"235\" srcset=\"https:\/\/faec.org.br\/sistema\/wp-content\/uploads\/2022\/04\/Queijo.jpg 799w, https:\/\/faec.org.br\/sistema\/wp-content\/uploads\/2022\/04\/Queijo-300x199.jpg 300w, https:\/\/faec.org.br\/sistema\/wp-content\/uploads\/2022\/04\/Queijo-768x509.jpg 768w, https:\/\/faec.org.br\/sistema\/wp-content\/uploads\/2022\/04\/Queijo-24x16.jpg 24w, https:\/\/faec.org.br\/sistema\/wp-content\/uploads\/2022\/04\/Queijo-36x24.jpg 36w, https:\/\/faec.org.br\/sistema\/wp-content\/uploads\/2022\/04\/Queijo-48x32.jpg 48w\" sizes=\"auto, (max-width: 354px) 100vw, 354px\" \/>Come\u00e7a nesta quinta-feira (10) a 4\u00aa edi\u00e7\u00e3o da Copa Leite, em Quixeramobim. O evento ser\u00e1 realizado na Via Paisag\u00edstica de Quixeramobim at\u00e9 s\u00e1bado, 12 de novembro. A expectativa \u00e9 de que mais de 5 mil pessoas, entre produtores e p\u00fablico geral, participem das atividades.<\/p>\n<p>A Copa Leite contar\u00e1 com oficina sobre produ\u00e7\u00e3o de queijo, al\u00e9m de pain\u00e9is sobre mercado de leite, tend\u00eancias e oportunidades para a bovinocultura, biosseguridade, linhas de cr\u00e9dito para o agroneg\u00f3cio, dentre outros temas relacionados \u00e0 cadeia leiteira.<\/p>\n<p>Tamb\u00e9m haver\u00e1 feira de neg\u00f3cios, festival do queijo e exposi\u00e7\u00e3o de animais. As palestras e oficinas ser\u00e3o realizadas no audit\u00f3rio do Sebrae Quixeramobim e na Fatec Sert\u00e3o Central, respectivamente.<\/p>\n<p><strong>Encontro dos Amigos do Leite<\/strong><br \/>\nNo s\u00e1bado (12), ser\u00e1 realizado o 1\u00ba Encontro dos Amigos do Leite de Quixeramobim. O encontro ter\u00e1 in\u00edcio \u00e0s 15h no espa\u00e7o gastron\u00f4mico da Copa Leite. Ser\u00e1 um momento de conversa, troca de experi\u00eancias e aproxima\u00e7\u00e3o entre representantes da cadeia produtiva do leite do Sert\u00e3o Central.<\/p>\n<p>Atualmente, Quixeramobim conta com um rebanho aproximado de 85 mil bovinos e uma produ\u00e7\u00e3o estimada em mais de 200 mil litros de leite di\u00e1rio, segundo dados da Secretaria Municipal de Agricultura. A comercializa\u00e7\u00e3o de leite in natura na regi\u00e3o movimenta cerca de R$ 14 milh\u00f5es por m\u00eas.<\/p>\n<p>&nbsp;<\/p>\n<p><img loading=\"lazy\" decoding=\"async\" class=\"aligncenter size-large wp-image-16235\" src=\"http:\/\/faec.org.br\/sistema\/wp-content\/uploads\/2022\/11\/copa.leite_.programacao-608x1080.jpg\" alt=\"\" width=\"608\" height=\"1080\" srcset=\"https:\/\/faec.org.br\/sistema\/wp-content\/uploads\/2022\/11\/copa.leite_.programacao-608x1080.jpg 608w, https:\/\/faec.org.br\/sistema\/wp-content\/uploads\/2022\/11\/copa.leite_.programacao-169x300.jpg 169w, https:\/\/faec.org.br\/sistema\/wp-content\/uploads\/2022\/11\/copa.leite_.programacao-14x24.jpg 14w, https:\/\/faec.org.br\/sistema\/wp-content\/uploads\/2022\/11\/copa.leite_.programacao-20x36.jpg 20w, https:\/\/faec.org.br\/sistema\/wp-content\/uploads\/2022\/11\/copa.leite_.programacao-27x48.jpg 27w, https:\/\/faec.org.br\/sistema\/wp-content\/uploads\/2022\/11\/copa.leite_.programacao.jpg 720w\" sizes=\"auto, (max-width: 608px) 100vw, 608px\" \/><\/p>\n","protected":false},"excerpt":{"rendered":"<p>Come\u00e7a nesta quinta-feira (10) a 4\u00aa edi\u00e7\u00e3o da Copa Leite, em Quixeramobim. O evento ser\u00e1 realizado na Via Paisag\u00edstica de Quixeramobim at\u00e9 s\u00e1bado, 12 de novembro. A expectativa \u00e9 de que mais de 5 mil pessoas, entre produtores e p\u00fablico geral, participem das atividades. A Copa Leite contar\u00e1 com oficina sobre produ\u00e7\u00e3o de queijo, al\u00e9m [&hellip;]<\/p>\n","protected":false},"author":1,"featured_media":15731,"comment_status":"open","ping_status":"open","sticky":false,"template":"","format":"standard","meta":{"footnotes":"","_links_to":"","_links_to_target":""},"categories":[5],"tags":[269],"class_list":{"0":"post-16233","1":"post","2":"type-post","3":"status-publish","4":"format-standard","5":"has-post-thumbnail","7":"category-noticias","8":"tag-leite-queijo-quixeramobim-copaleite","9":"czr-hentry"},"aioseo_notices":[],"_links":{"self":[{"href":"https:\/\/faec.org.br\/sistema\/wp-json\/wp\/v2\/posts\/16233","targetHints":{"allow":["GET"]}}],"collection":[{"href":"https:\/\/faec.org.br\/sistema\/wp-json\/wp\/v2\/posts"}],"about":[{"href":"https:\/\/faec.org.br\/sistema\/wp-json\/wp\/v2\/types\/post"}],"author":[{"embeddable":true,"href":"https:\/\/faec.org.br\/sistema\/wp-json\/wp\/v2\/users\/1"}],"replies":[{"embeddable":true,"href":"https:\/\/faec.org.br\/sistema\/wp-json\/wp\/v2\/comments?post=16233"}],"version-history":[{"count":1,"href":"https:\/\/faec.org.br\/sistema\/wp-json\/wp\/v2\/posts\/16233\/revisions"}],"predecessor-version":[{"id":16236,"href":"https:\/\/faec.org.br\/sistema\/wp-json\/wp\/v2\/posts\/16233\/revisions\/16236"}],"wp:featuredmedia":[{"embeddable":true,"href":"https:\/\/faec.org.br\/sistema\/wp-json\/wp\/v2\/media\/15731"}],"wp:attachment":[{"href":"https:\/\/faec.org.br\/sistema\/wp-json\/wp\/v2\/media?parent=16233"}],"wp:term":[{"taxonomy":"category","embeddable":true,"href":"https:\/\/faec.org.br\/sistema\/wp-json\/wp\/v2\/categories?post=16233"},{"taxonomy":"post_tag","embeddable":true,"href":"https:\/\/faec.org.br\/sistema\/wp-json\/wp\/v2\/tags?post=16233"}],"curies":[{"name":"wp","href":"https:\/\/api.w.org\/{rel}","templated":true}]}}