{"id":16058,"date":"2022-09-09T14:04:17","date_gmt":"2022-09-09T17:04:17","guid":{"rendered":"http:\/\/faec.org.br\/sistema\/?p=16058"},"modified":"2022-09-09T14:04:17","modified_gmt":"2022-09-09T17:04:17","slug":"tecnicos-do-senar-nacional-visitam-sistema-faec-senar","status":"publish","type":"post","link":"https:\/\/faec.org.br\/sistema\/tecnicos-do-senar-nacional-visitam-sistema-faec-senar\/","title":{"rendered":"T\u00e9cnicos do Senar Nacional visitam Sistema Faec\/Senar"},"content":{"rendered":"<p><img loading=\"lazy\" decoding=\"async\" class=\"size-medium wp-image-16059 alignleft\" src=\"http:\/\/faec.org.br\/sistema\/wp-content\/uploads\/2022\/09\/portal1-300x225.jpg\" alt=\"\" width=\"300\" height=\"225\" srcset=\"https:\/\/faec.org.br\/sistema\/wp-content\/uploads\/2022\/09\/portal1-300x225.jpg 300w, https:\/\/faec.org.br\/sistema\/wp-content\/uploads\/2022\/09\/portal1-1440x1080.jpg 1440w, https:\/\/faec.org.br\/sistema\/wp-content\/uploads\/2022\/09\/portal1-768x576.jpg 768w, https:\/\/faec.org.br\/sistema\/wp-content\/uploads\/2022\/09\/portal1-1536x1152.jpg 1536w, https:\/\/faec.org.br\/sistema\/wp-content\/uploads\/2022\/09\/portal1-24x18.jpg 24w, https:\/\/faec.org.br\/sistema\/wp-content\/uploads\/2022\/09\/portal1-36x27.jpg 36w, https:\/\/faec.org.br\/sistema\/wp-content\/uploads\/2022\/09\/portal1-48x36.jpg 48w, https:\/\/faec.org.br\/sistema\/wp-content\/uploads\/2022\/09\/portal1.jpg 1600w\" sizes=\"auto, (max-width: 300px) 100vw, 300px\" \/>T\u00e9cnicos do Senar Nacional visitam, nesta sexta-feira (9), o Sistema Faec\/Senar para tratar do programa de Expans\u00e3o da Assist\u00eancia T\u00e9cnica e Gerencial (ATeG). Esta foi a primeira de um ciclo de visitas t\u00e9cnicas que integram o projeto.<\/p>\n<p>A iniciativa do Senar Nacional busca ampliar a quantidade de produtores rurais atendidos pela ATeG, com o objetivo de aumentar a produtividade e gerar mais renda \u00e0s pessoas assistidas. O termo de ades\u00e3o da \u2018Expans\u00e3o ATeG\u2019 foi assinado pelo Servi\u00e7o Nacional de Aprendizagem Rural no Cear\u00e1 (Senar\/CE) em julho deste ano.<\/p>\n<p><img loading=\"lazy\" decoding=\"async\" class=\"aligncenter wp-image-16060 \" src=\"http:\/\/faec.org.br\/sistema\/wp-content\/uploads\/2022\/09\/insta1-e1662742993996-300x223.jpg\" alt=\"\" width=\"394\" height=\"293\" srcset=\"https:\/\/faec.org.br\/sistema\/wp-content\/uploads\/2022\/09\/insta1-e1662742993996-300x223.jpg 300w, https:\/\/faec.org.br\/sistema\/wp-content\/uploads\/2022\/09\/insta1-e1662742993996-768x572.jpg 768w, https:\/\/faec.org.br\/sistema\/wp-content\/uploads\/2022\/09\/insta1-e1662742993996-24x18.jpg 24w, https:\/\/faec.org.br\/sistema\/wp-content\/uploads\/2022\/09\/insta1-e1662742993996-36x27.jpg 36w, https:\/\/faec.org.br\/sistema\/wp-content\/uploads\/2022\/09\/insta1-e1662742993996-48x36.jpg 48w, https:\/\/faec.org.br\/sistema\/wp-content\/uploads\/2022\/09\/insta1-e1662742993996.jpg 1003w\" sizes=\"auto, (max-width: 394px) 100vw, 394px\" \/><\/p>\n<p>Ap\u00f3s serem recebidos pelo presidente da Faec, Am\u00edlcar Silveira, os representantes do Senar Nacional, Eduardo Gomes de Oliveira, coordenador t\u00e9cnico da ATeG, e Ivan Bernardo Nakandakare, agente de Expans\u00e3o da ATeG, se reuniram com o superintendente do Senar\/CE, S\u00e9rgio Oliveira, e com a diretora t\u00e9cnica do Senar\/CE Kelly Claudio.<\/p>\n","protected":false},"excerpt":{"rendered":"<p>T\u00e9cnicos do Senar Nacional visitam, nesta sexta-feira (9), o Sistema Faec\/Senar para tratar do programa de Expans\u00e3o da Assist\u00eancia T\u00e9cnica e Gerencial (ATeG). Esta foi a primeira de um ciclo de visitas t\u00e9cnicas que integram o projeto. A iniciativa do Senar Nacional busca ampliar a quantidade de produtores rurais atendidos pela ATeG, com o objetivo [&hellip;]<\/p>\n","protected":false},"author":1,"featured_media":16059,"comment_status":"open","ping_status":"open","sticky":false,"template":"","format":"standard","meta":{"footnotes":"","_links_to":"","_links_to_target":""},"categories":[5],"tags":[241],"class_list":{"0":"post-16058","1":"post","2":"type-post","3":"status-publish","4":"format-standard","5":"has-post-thumbnail","7":"category-noticias","8":"tag-senar-ateg","9":"czr-hentry"},"aioseo_notices":[],"_links":{"self":[{"href":"https:\/\/faec.org.br\/sistema\/wp-json\/wp\/v2\/posts\/16058","targetHints":{"allow":["GET"]}}],"collection":[{"href":"https:\/\/faec.org.br\/sistema\/wp-json\/wp\/v2\/posts"}],"about":[{"href":"https:\/\/faec.org.br\/sistema\/wp-json\/wp\/v2\/types\/post"}],"author":[{"embeddable":true,"href":"https:\/\/faec.org.br\/sistema\/wp-json\/wp\/v2\/users\/1"}],"replies":[{"embeddable":true,"href":"https:\/\/faec.org.br\/sistema\/wp-json\/wp\/v2\/comments?post=16058"}],"version-history":[{"count":1,"href":"https:\/\/faec.org.br\/sistema\/wp-json\/wp\/v2\/posts\/16058\/revisions"}],"predecessor-version":[{"id":16061,"href":"https:\/\/faec.org.br\/sistema\/wp-json\/wp\/v2\/posts\/16058\/revisions\/16061"}],"wp:featuredmedia":[{"embeddable":true,"href":"https:\/\/faec.org.br\/sistema\/wp-json\/wp\/v2\/media\/16059"}],"wp:attachment":[{"href":"https:\/\/faec.org.br\/sistema\/wp-json\/wp\/v2\/media?parent=16058"}],"wp:term":[{"taxonomy":"category","embeddable":true,"href":"https:\/\/faec.org.br\/sistema\/wp-json\/wp\/v2\/categories?post=16058"},{"taxonomy":"post_tag","embeddable":true,"href":"https:\/\/faec.org.br\/sistema\/wp-json\/wp\/v2\/tags?post=16058"}],"curies":[{"name":"wp","href":"https:\/\/api.w.org\/{rel}","templated":true}]}}