{"id":15903,"date":"2022-08-08T13:54:39","date_gmt":"2022-08-08T16:54:39","guid":{"rendered":"http:\/\/faec.org.br\/sistema\/?p=15903"},"modified":"2022-08-08T13:54:39","modified_gmt":"2022-08-08T16:54:39","slug":"senar-ceara-inicia-acao-que-busca-agilizar-licenciamento-de-fazendas-de-camarao","status":"publish","type":"post","link":"https:\/\/faec.org.br\/sistema\/senar-ceara-inicia-acao-que-busca-agilizar-licenciamento-de-fazendas-de-camarao\/","title":{"rendered":"Senar Cear\u00e1 inicia a\u00e7\u00e3o que busca agilizar licenciamento de fazendas de camar\u00e3o"},"content":{"rendered":"<p><img loading=\"lazy\" decoding=\"async\" class=\"size-medium wp-image-15904 alignleft\" src=\"http:\/\/faec.org.br\/sistema\/wp-content\/uploads\/2022\/08\/sebrae.aracati-300x225.jpg\" alt=\"\" width=\"300\" height=\"225\" srcset=\"https:\/\/faec.org.br\/sistema\/wp-content\/uploads\/2022\/08\/sebrae.aracati-300x225.jpg 300w, https:\/\/faec.org.br\/sistema\/wp-content\/uploads\/2022\/08\/sebrae.aracati-1440x1080.jpg 1440w, https:\/\/faec.org.br\/sistema\/wp-content\/uploads\/2022\/08\/sebrae.aracati-768x576.jpg 768w, https:\/\/faec.org.br\/sistema\/wp-content\/uploads\/2022\/08\/sebrae.aracati-1536x1152.jpg 1536w, https:\/\/faec.org.br\/sistema\/wp-content\/uploads\/2022\/08\/sebrae.aracati-24x18.jpg 24w, https:\/\/faec.org.br\/sistema\/wp-content\/uploads\/2022\/08\/sebrae.aracati-36x27.jpg 36w, https:\/\/faec.org.br\/sistema\/wp-content\/uploads\/2022\/08\/sebrae.aracati-48x36.jpg 48w, https:\/\/faec.org.br\/sistema\/wp-content\/uploads\/2022\/08\/sebrae.aracati.jpg 1600w\" sizes=\"auto, (max-width: 300px) 100vw, 300px\" \/>O Servi\u00e7o Nacional de Aprendizagem Rural (Senar) no Cear\u00e1 promoveu, na \u00faltima sexta-feira (5), uma reuni\u00e3o com carcinicultores de Aracati para dar in\u00edcio ao processo de licenciamento de fazendas de camar\u00e3o no munic\u00edpio. A iniciativa \u00e9 feita em parceria com o Sebrae Cear\u00e1. Hoje, as licen\u00e7as ambientais est\u00e3o entre os principais gargalos para os produtores de camar\u00e3o no Estado.<\/p>\n<p>A falta de licen\u00e7a inviabiliza a capta\u00e7\u00e3o de cr\u00e9dito, impactando diretamente nos investimentos em tecnologia e amplia\u00e7\u00e3o das fazendas. Por meio da parceria entre o Sistema Faec\/Senar e o Sebrae, os produtores ser\u00e3o orientados durante todo o processo de licenciamento, o Sebrae vai custear cerca de 85% do valor cobrado para os estudos t\u00e9cnicos exigidos pelos \u00f3rg\u00e3os ambientais.<\/p>\n<p>A reuni\u00e3o, realizada no Sebrae em Aracati, contou com as participa\u00e7\u00f5es do presidente do Sindicato Rural de Aracati, Ant\u00f4nio Kaminski, e de Ivan Bot\u00e3o do Senar\/CE. A desburocratiza\u00e7\u00e3o do setor da carcinicultura \u00e9 uma das prioridades do presidente da Federa\u00e7\u00e3o da Agricultura e Pecu\u00e1ria do Estado do Cear\u00e1 (Faec), Amilcar Silveira.<\/p>\n","protected":false},"excerpt":{"rendered":"<p>O Servi\u00e7o Nacional de Aprendizagem Rural (Senar) no Cear\u00e1 promoveu, na \u00faltima sexta-feira (5), uma reuni\u00e3o com carcinicultores de Aracati para dar in\u00edcio ao processo de licenciamento de fazendas de camar\u00e3o no munic\u00edpio. A iniciativa \u00e9 feita em parceria com o Sebrae Cear\u00e1. Hoje, as licen\u00e7as ambientais est\u00e3o entre os principais gargalos para os produtores [&hellip;]<\/p>\n","protected":false},"author":1,"featured_media":15904,"comment_status":"open","ping_status":"open","sticky":false,"template":"","format":"standard","meta":{"footnotes":"","_links_to":"","_links_to_target":""},"categories":[23,5],"tags":[],"class_list":{"0":"post-15903","1":"post","2":"type-post","3":"status-publish","4":"format-standard","5":"has-post-thumbnail","7":"category-carcinicultura","8":"category-noticias","9":"czr-hentry"},"aioseo_notices":[],"_links":{"self":[{"href":"https:\/\/faec.org.br\/sistema\/wp-json\/wp\/v2\/posts\/15903","targetHints":{"allow":["GET"]}}],"collection":[{"href":"https:\/\/faec.org.br\/sistema\/wp-json\/wp\/v2\/posts"}],"about":[{"href":"https:\/\/faec.org.br\/sistema\/wp-json\/wp\/v2\/types\/post"}],"author":[{"embeddable":true,"href":"https:\/\/faec.org.br\/sistema\/wp-json\/wp\/v2\/users\/1"}],"replies":[{"embeddable":true,"href":"https:\/\/faec.org.br\/sistema\/wp-json\/wp\/v2\/comments?post=15903"}],"version-history":[{"count":1,"href":"https:\/\/faec.org.br\/sistema\/wp-json\/wp\/v2\/posts\/15903\/revisions"}],"predecessor-version":[{"id":15905,"href":"https:\/\/faec.org.br\/sistema\/wp-json\/wp\/v2\/posts\/15903\/revisions\/15905"}],"wp:featuredmedia":[{"embeddable":true,"href":"https:\/\/faec.org.br\/sistema\/wp-json\/wp\/v2\/media\/15904"}],"wp:attachment":[{"href":"https:\/\/faec.org.br\/sistema\/wp-json\/wp\/v2\/media?parent=15903"}],"wp:term":[{"taxonomy":"category","embeddable":true,"href":"https:\/\/faec.org.br\/sistema\/wp-json\/wp\/v2\/categories?post=15903"},{"taxonomy":"post_tag","embeddable":true,"href":"https:\/\/faec.org.br\/sistema\/wp-json\/wp\/v2\/tags?post=15903"}],"curies":[{"name":"wp","href":"https:\/\/api.w.org\/{rel}","templated":true}]}}