{"id":15899,"date":"2022-08-08T11:22:52","date_gmt":"2022-08-08T14:22:52","guid":{"rendered":"http:\/\/faec.org.br\/sistema\/?p=15899"},"modified":"2022-08-08T11:22:52","modified_gmt":"2022-08-08T14:22:52","slug":"senar-ceara-realiza-seminario-em-lavras-da-mangabeira","status":"publish","type":"post","link":"https:\/\/faec.org.br\/sistema\/senar-ceara-realiza-seminario-em-lavras-da-mangabeira\/","title":{"rendered":"Senar Cear\u00e1 realiza semin\u00e1rio em Lavras da Mangabeira"},"content":{"rendered":"<p><img loading=\"lazy\" decoding=\"async\" class=\"size-medium wp-image-15900 alignleft\" src=\"http:\/\/faec.org.br\/sistema\/wp-content\/uploads\/2022\/08\/2d6c6b78-e12e-4abd-ba7a-0cd69c38c08f-300x164.jpg\" alt=\"\" width=\"300\" height=\"164\" srcset=\"https:\/\/faec.org.br\/sistema\/wp-content\/uploads\/2022\/08\/2d6c6b78-e12e-4abd-ba7a-0cd69c38c08f-300x164.jpg 300w, https:\/\/faec.org.br\/sistema\/wp-content\/uploads\/2022\/08\/2d6c6b78-e12e-4abd-ba7a-0cd69c38c08f-768x420.jpg 768w, https:\/\/faec.org.br\/sistema\/wp-content\/uploads\/2022\/08\/2d6c6b78-e12e-4abd-ba7a-0cd69c38c08f-24x13.jpg 24w, https:\/\/faec.org.br\/sistema\/wp-content\/uploads\/2022\/08\/2d6c6b78-e12e-4abd-ba7a-0cd69c38c08f-36x20.jpg 36w, https:\/\/faec.org.br\/sistema\/wp-content\/uploads\/2022\/08\/2d6c6b78-e12e-4abd-ba7a-0cd69c38c08f-48x26.jpg 48w, https:\/\/faec.org.br\/sistema\/wp-content\/uploads\/2022\/08\/2d6c6b78-e12e-4abd-ba7a-0cd69c38c08f.jpg 1024w\" sizes=\"auto, (max-width: 300px) 100vw, 300px\" \/>O Servi\u00e7o Nacional de Aprendizagem Rural (Senar) no Cear\u00e1 promoveu, na sexta-feira (5), dois semin\u00e1rios no munic\u00edpio de Lavras da Mangabeira, na regi\u00e3o Centro-Sul do Estado, para tratar do &#8220;Programa Terra Brasil&#8221; e do Fundo Estadual de Desenvolvimento da Agricultura Familiar (Fedaf). As palestras foram ministradas pelo diretor t\u00e9cnico da Cooperativa de Trabalho para Presta\u00e7\u00e3o de Servi\u00e7o e Assist\u00eancia T\u00e9cnica (Cocepat), Wagner Walter.<\/p>\n<p>Os eventos, de iniciativa do Sistema Faec\/Senar, contaram com a participa\u00e7\u00e3o de parceiros como Banco do Brasil, Banco do Nordeste,Prefeitura Municipal, Ematerce, Secretaria de Agricultura e de Meio Ambiente, Cooperativa Agr\u00edcola, Associa\u00e7\u00e3o de Ovinocaprinocultores da Bacia do Salgado, Associa\u00e7\u00e3o de Apicultores, T\u00e9cnicos do Programa de ATeG, dentre outros.<\/p>\n","protected":false},"excerpt":{"rendered":"<p>O Servi\u00e7o Nacional de Aprendizagem Rural (Senar) no Cear\u00e1 promoveu, na sexta-feira (5), dois semin\u00e1rios no munic\u00edpio de Lavras da Mangabeira, na regi\u00e3o Centro-Sul do Estado, para tratar do &#8220;Programa Terra Brasil&#8221; e do Fundo Estadual de Desenvolvimento da Agricultura Familiar (Fedaf). As palestras foram ministradas pelo diretor t\u00e9cnico da Cooperativa de Trabalho para Presta\u00e7\u00e3o [&hellip;]<\/p>\n","protected":false},"author":1,"featured_media":15900,"comment_status":"open","ping_status":"open","sticky":false,"template":"","format":"standard","meta":{"footnotes":"","_links_to":"","_links_to_target":""},"categories":[5,203],"tags":[],"class_list":{"0":"post-15899","1":"post","2":"type-post","3":"status-publish","4":"format-standard","5":"has-post-thumbnail","7":"category-noticias","8":"category-noticias-dos-sindicatos","9":"czr-hentry"},"aioseo_notices":[],"_links":{"self":[{"href":"https:\/\/faec.org.br\/sistema\/wp-json\/wp\/v2\/posts\/15899","targetHints":{"allow":["GET"]}}],"collection":[{"href":"https:\/\/faec.org.br\/sistema\/wp-json\/wp\/v2\/posts"}],"about":[{"href":"https:\/\/faec.org.br\/sistema\/wp-json\/wp\/v2\/types\/post"}],"author":[{"embeddable":true,"href":"https:\/\/faec.org.br\/sistema\/wp-json\/wp\/v2\/users\/1"}],"replies":[{"embeddable":true,"href":"https:\/\/faec.org.br\/sistema\/wp-json\/wp\/v2\/comments?post=15899"}],"version-history":[{"count":1,"href":"https:\/\/faec.org.br\/sistema\/wp-json\/wp\/v2\/posts\/15899\/revisions"}],"predecessor-version":[{"id":15901,"href":"https:\/\/faec.org.br\/sistema\/wp-json\/wp\/v2\/posts\/15899\/revisions\/15901"}],"wp:featuredmedia":[{"embeddable":true,"href":"https:\/\/faec.org.br\/sistema\/wp-json\/wp\/v2\/media\/15900"}],"wp:attachment":[{"href":"https:\/\/faec.org.br\/sistema\/wp-json\/wp\/v2\/media?parent=15899"}],"wp:term":[{"taxonomy":"category","embeddable":true,"href":"https:\/\/faec.org.br\/sistema\/wp-json\/wp\/v2\/categories?post=15899"},{"taxonomy":"post_tag","embeddable":true,"href":"https:\/\/faec.org.br\/sistema\/wp-json\/wp\/v2\/tags?post=15899"}],"curies":[{"name":"wp","href":"https:\/\/api.w.org\/{rel}","templated":true}]}}