{"id":15896,"date":"2022-08-08T09:11:26","date_gmt":"2022-08-08T12:11:26","guid":{"rendered":"http:\/\/faec.org.br\/sistema\/?p=15896"},"modified":"2022-08-08T09:13:32","modified_gmt":"2022-08-08T12:13:32","slug":"faec-ira-liderar-retomada-da-cadeia-produtiva-do-caju-no-ceara","status":"publish","type":"post","link":"https:\/\/faec.org.br\/sistema\/faec-ira-liderar-retomada-da-cadeia-produtiva-do-caju-no-ceara\/","title":{"rendered":"Faec ir\u00e1 liderar retomada da cadeia produtiva do caju no Cear\u00e1"},"content":{"rendered":"<p><img loading=\"lazy\" decoding=\"async\" class=\"size-medium wp-image-15897 alignleft\" src=\"http:\/\/faec.org.br\/sistema\/wp-content\/uploads\/2022\/08\/caju.-300x200.jpg\" alt=\"\" width=\"300\" height=\"200\" \/> O presidente da Federa\u00e7\u00e3o da Agricultura e Pecu\u00e1ria do Estado do Cear\u00e1 (Faec), Am\u00edlcar Silveira, decidiu tratar como prioridade a retomada da cajucultura no Cear\u00e1. A atividade, uma das mais importantes do agroneg\u00f3cio cearense, vem perdendo espa\u00e7o devido \u00e0 falta de investimentos em tecnologia, dentre outros. Os reflexos s\u00e3o percebidos na queda da produtividade, da \u00e1rea plantada e nas exporta\u00e7\u00f5es de am\u00eandoas.<\/p>\n<p>De 2008 a 2020, por exemplo, a \u00e1rea plantada total caiu 30,2%, passando de 386,7 mil hectares para 269,9 mil ha. E a produ\u00e7\u00e3o total de castanha recuou 29,6%, passando de 121,0 mil toneladas para 85,1 mil, segundo dados do IBGE. J\u00e1 as exporta\u00e7\u00f5es ca\u00edram pela metade.<\/p>\n<p>Segundo Silveira, o objetivo \u00e9 focar em tecnologia e intelig\u00eancia. Para isso, a Faec ter\u00e1 como seu principal parceiro a Embrapa Agroind\u00fastria Tropical, respons\u00e1vel pelo desenvolvimento do cajueiro an\u00e3o precoce, esp\u00e9cie que oferece maior produtividade por hectare. Inicialmente, a Faec pretende eleger cinco munic\u00edpios para implantar projetos-piloto voltados para o desenvolvimento de novas variedades de cajueiro an\u00e3o precoce.<\/p>\n<p>&#8220;Nossa ideia \u00e9 desenvolver, em parceria com a Embrapa, novas variedades de cajueiro an\u00e3o precoce e assim reerguermos a cajucultura no Cear\u00e1&#8221;, diz Silveira. Apesar da alta produtividade, em 2020, o cajueiro an\u00e3o precoce, de maior produtividade, representava apenas 34% da \u00e1rea plantada total de cajueiro no Cear\u00e1, enquanto na \u00e1rea restante ainda \u00e9 cultivado o cajueiro de copa larga, de baixa produtividade.<\/p>\n<p>O plano da Faec inclui ainda a cria\u00e7\u00e3o de um grupo de trabalho formado por t\u00e9cnicos do setor, produtores rurais, industriais e institui\u00e7\u00f5es que atuam no setor. \u201cQueremos melhorar a governan\u00e7a do setor. Hoje, a prioridade \u00e9 aumentar a produtividade por hectare, com viabilidade econ\u00f4mica para os produtores\u201d, diz Silveira.<\/p>\n","protected":false},"excerpt":{"rendered":"<p>O presidente da Federa\u00e7\u00e3o da Agricultura e Pecu\u00e1ria do Estado do Cear\u00e1 (Faec), Am\u00edlcar Silveira, decidiu tratar como prioridade a retomada da cajucultura no Cear\u00e1. A atividade, uma das mais importantes do agroneg\u00f3cio cearense, vem perdendo espa\u00e7o devido \u00e0 falta de investimentos em tecnologia, dentre outros. Os reflexos s\u00e3o percebidos na queda da produtividade, da [&hellip;]<\/p>\n","protected":false},"author":1,"featured_media":15897,"comment_status":"open","ping_status":"open","sticky":false,"template":"","format":"standard","meta":{"footnotes":"","_links_to":"","_links_to_target":""},"categories":[15,18,5],"tags":[],"class_list":{"0":"post-15896","1":"post","2":"type-post","3":"status-publish","4":"format-standard","5":"has-post-thumbnail","7":"category-cajucultura","8":"category-fruticultura","9":"category-noticias","10":"czr-hentry"},"aioseo_notices":[],"_links":{"self":[{"href":"https:\/\/faec.org.br\/sistema\/wp-json\/wp\/v2\/posts\/15896","targetHints":{"allow":["GET"]}}],"collection":[{"href":"https:\/\/faec.org.br\/sistema\/wp-json\/wp\/v2\/posts"}],"about":[{"href":"https:\/\/faec.org.br\/sistema\/wp-json\/wp\/v2\/types\/post"}],"author":[{"embeddable":true,"href":"https:\/\/faec.org.br\/sistema\/wp-json\/wp\/v2\/users\/1"}],"replies":[{"embeddable":true,"href":"https:\/\/faec.org.br\/sistema\/wp-json\/wp\/v2\/comments?post=15896"}],"version-history":[{"count":1,"href":"https:\/\/faec.org.br\/sistema\/wp-json\/wp\/v2\/posts\/15896\/revisions"}],"predecessor-version":[{"id":15898,"href":"https:\/\/faec.org.br\/sistema\/wp-json\/wp\/v2\/posts\/15896\/revisions\/15898"}],"wp:featuredmedia":[{"embeddable":true,"href":"https:\/\/faec.org.br\/sistema\/wp-json\/wp\/v2\/media\/15897"}],"wp:attachment":[{"href":"https:\/\/faec.org.br\/sistema\/wp-json\/wp\/v2\/media?parent=15896"}],"wp:term":[{"taxonomy":"category","embeddable":true,"href":"https:\/\/faec.org.br\/sistema\/wp-json\/wp\/v2\/categories?post=15896"},{"taxonomy":"post_tag","embeddable":true,"href":"https:\/\/faec.org.br\/sistema\/wp-json\/wp\/v2\/tags?post=15896"}],"curies":[{"name":"wp","href":"https:\/\/api.w.org\/{rel}","templated":true}]}}