{"id":15803,"date":"2022-06-28T16:41:45","date_gmt":"2022-06-28T19:41:45","guid":{"rendered":"http:\/\/faec.org.br\/sistema\/?p=15803"},"modified":"2022-06-28T16:45:18","modified_gmt":"2022-06-28T19:45:18","slug":"litigio-ceara-piaui-presidente-da-faec-assina-manifesto-em-defesa-da-ibiapaba","status":"publish","type":"post","link":"https:\/\/faec.org.br\/sistema\/litigio-ceara-piaui-presidente-da-faec-assina-manifesto-em-defesa-da-ibiapaba\/","title":{"rendered":"Lit\u00edgio Cear\u00e1-Piau\u00ed: Faec assina manifesto em defesa da Ibiapaba"},"content":{"rendered":"<figure id=\"attachment_15804\" aria-describedby=\"caption-attachment-15804\" style=\"width: 300px\" class=\"wp-caption alignleft\"><img loading=\"lazy\" decoding=\"async\" class=\"size-medium wp-image-15804\" src=\"http:\/\/faec.org.br\/sistema\/wp-content\/uploads\/2022\/06\/manifesto-300x225.jpg\" alt=\"\" width=\"300\" height=\"225\" srcset=\"https:\/\/faec.org.br\/sistema\/wp-content\/uploads\/2022\/06\/manifesto-300x225.jpg 300w, https:\/\/faec.org.br\/sistema\/wp-content\/uploads\/2022\/06\/manifesto-768x576.jpg 768w, https:\/\/faec.org.br\/sistema\/wp-content\/uploads\/2022\/06\/manifesto-24x18.jpg 24w, https:\/\/faec.org.br\/sistema\/wp-content\/uploads\/2022\/06\/manifesto-36x27.jpg 36w, https:\/\/faec.org.br\/sistema\/wp-content\/uploads\/2022\/06\/manifesto-48x36.jpg 48w, https:\/\/faec.org.br\/sistema\/wp-content\/uploads\/2022\/06\/manifesto.jpg 1024w\" sizes=\"auto, (max-width: 300px) 100vw, 300px\" \/><figcaption id=\"caption-attachment-15804\" class=\"wp-caption-text\">Am\u00edlcar Silveira, Jo\u00e3o Jorge (presidente da Aceav), Dom Francisco Edimilson (bispo da Diocese de Tiangu\u00e1); Carlos Matos, e Paulo Wagner da Agencia L\u00edder de Desenvolvimento da Ibiapaba.<\/figcaption><\/figure>\n<p>O presidente da Federa\u00e7\u00e3o da Agricultura e Pecu\u00e1ria do Estado do Cear\u00e1 (Faec), Am\u00edlcar Silveira, assinou nesta ter\u00e7a-feira (28) o manifesto \u201cA Ibiapaba \u00e9 Nossa\u201d, em defesa dos munic\u00edpios cearenses envolvidos no lit\u00edgio entre Cear\u00e1 e Piau\u00ed. A a\u00e7\u00e3o judicial, que tramita h\u00e1 mais de 20 anos, poder\u00e1 resultar na perda de territ\u00f3rio de 13 munic\u00edpios cearenses, dos quais 9 est\u00e3o na regi\u00e3o da Ibiapaba.<\/p>\n<p>&#8220;Vamos entrar nessa luta, em defesa do Cear\u00e1 e dos produtores da regi\u00e3o&#8221;, diz Am\u00edlcar Silveira. Hoje, cerca de 40% do agroneg\u00f3cio cearense est\u00e1 concentrado na regi\u00e3o da Ibiapaba. Al\u00e9m da Faec, assinaram o documento entidades como Fiec, Sinduscon, FCDL, CDL Fortaleza, Acesu, Acad, Acomac, Diocese de Tiangu\u00e1, dentre outras.<\/p>\n<p>O manifesto foi apresentado nesta ter\u00e7a-feira, no Plen\u00e1rio 13 de Maio, durante a solenidade em comemora\u00e7\u00e3o aos 20 anos da implanta\u00e7\u00e3o dos Agropolos na Serra da Ibiapaba, de iniciativa do deputado Carlos Matos (Uni\u00e3o Brasil). \u201cTemos que entrar nessa quest\u00e3o, envolvendo o Poder P\u00fablico tamb\u00e9m para que possamos ser mais fortes. Seria uma perda muito grande, inconceb\u00edvel\u201d, diz Matos. A implanta\u00e7\u00e3o dos Agropolos na Serra da Ibiapaba marca o in\u00edcio do novo ciclo de desenvolvimento da Regi\u00e3o.<\/p>\n","protected":false},"excerpt":{"rendered":"<p>O presidente da Federa\u00e7\u00e3o da Agricultura e Pecu\u00e1ria do Estado do Cear\u00e1 (Faec), Am\u00edlcar Silveira, assinou nesta ter\u00e7a-feira (28) o manifesto \u201cA Ibiapaba \u00e9 Nossa\u201d, em defesa dos munic\u00edpios cearenses envolvidos no lit\u00edgio entre Cear\u00e1 e Piau\u00ed. A a\u00e7\u00e3o judicial, que tramita h\u00e1 mais de 20 anos, poder\u00e1 resultar na perda de territ\u00f3rio de 13 [&hellip;]<\/p>\n","protected":false},"author":1,"featured_media":15804,"comment_status":"open","ping_status":"open","sticky":false,"template":"","format":"standard","meta":{"footnotes":"","_links_to":"","_links_to_target":""},"categories":[5],"tags":[],"class_list":{"0":"post-15803","1":"post","2":"type-post","3":"status-publish","4":"format-standard","5":"has-post-thumbnail","7":"category-noticias","8":"czr-hentry"},"aioseo_notices":[],"_links":{"self":[{"href":"https:\/\/faec.org.br\/sistema\/wp-json\/wp\/v2\/posts\/15803","targetHints":{"allow":["GET"]}}],"collection":[{"href":"https:\/\/faec.org.br\/sistema\/wp-json\/wp\/v2\/posts"}],"about":[{"href":"https:\/\/faec.org.br\/sistema\/wp-json\/wp\/v2\/types\/post"}],"author":[{"embeddable":true,"href":"https:\/\/faec.org.br\/sistema\/wp-json\/wp\/v2\/users\/1"}],"replies":[{"embeddable":true,"href":"https:\/\/faec.org.br\/sistema\/wp-json\/wp\/v2\/comments?post=15803"}],"version-history":[{"count":2,"href":"https:\/\/faec.org.br\/sistema\/wp-json\/wp\/v2\/posts\/15803\/revisions"}],"predecessor-version":[{"id":15806,"href":"https:\/\/faec.org.br\/sistema\/wp-json\/wp\/v2\/posts\/15803\/revisions\/15806"}],"wp:featuredmedia":[{"embeddable":true,"href":"https:\/\/faec.org.br\/sistema\/wp-json\/wp\/v2\/media\/15804"}],"wp:attachment":[{"href":"https:\/\/faec.org.br\/sistema\/wp-json\/wp\/v2\/media?parent=15803"}],"wp:term":[{"taxonomy":"category","embeddable":true,"href":"https:\/\/faec.org.br\/sistema\/wp-json\/wp\/v2\/categories?post=15803"},{"taxonomy":"post_tag","embeddable":true,"href":"https:\/\/faec.org.br\/sistema\/wp-json\/wp\/v2\/tags?post=15803"}],"curies":[{"name":"wp","href":"https:\/\/api.w.org\/{rel}","templated":true}]}}