{"id":15801,"date":"2022-06-28T10:04:55","date_gmt":"2022-06-28T13:04:55","guid":{"rendered":"http:\/\/faec.org.br\/sistema\/?p=15801"},"modified":"2022-06-28T10:04:55","modified_gmt":"2022-06-28T13:04:55","slug":"pec-nordeste-comeca-nesta-quarta-29-a-maior-feira-agropecuaria-da-regiao","status":"publish","type":"post","link":"https:\/\/faec.org.br\/sistema\/pec-nordeste-comeca-nesta-quarta-29-a-maior-feira-agropecuaria-da-regiao\/","title":{"rendered":"PEC Nordeste: Come\u00e7a nesta quarta, 29, a maior feira agropecu\u00e1ria da regi\u00e3o"},"content":{"rendered":"<p><img loading=\"lazy\" decoding=\"async\" class=\"alignleft size-medium wp-image-15711\" src=\"http:\/\/faec.org.br\/sistema\/wp-content\/uploads\/2022\/03\/CARD-PEC-2022-300x286.png\" alt=\"\" width=\"300\" height=\"286\" srcset=\"https:\/\/faec.org.br\/sistema\/wp-content\/uploads\/2022\/03\/CARD-PEC-2022-300x286.png 300w, https:\/\/faec.org.br\/sistema\/wp-content\/uploads\/2022\/03\/CARD-PEC-2022-1134x1080.png 1134w, https:\/\/faec.org.br\/sistema\/wp-content\/uploads\/2022\/03\/CARD-PEC-2022-768x731.png 768w, https:\/\/faec.org.br\/sistema\/wp-content\/uploads\/2022\/03\/CARD-PEC-2022-24x24.png 24w, https:\/\/faec.org.br\/sistema\/wp-content\/uploads\/2022\/03\/CARD-PEC-2022-36x34.png 36w, https:\/\/faec.org.br\/sistema\/wp-content\/uploads\/2022\/03\/CARD-PEC-2022-48x46.png 48w, https:\/\/faec.org.br\/sistema\/wp-content\/uploads\/2022\/03\/CARD-PEC-2022.png 1240w\" sizes=\"auto, (max-width: 300px) 100vw, 300px\" \/>Come\u00e7a nesta quarta-feira, 29, a maior feira agropecu\u00e1ria do Nordeste, O Semin\u00e1rio Nordestino de Pecu\u00e1ria \u2013 PEC Nordeste, que chega \u00e0 sua 25\u00aa edi\u00e7\u00e3o. O evento deste ano ser\u00e1 o maior em n\u00famero de participantes, de expositores e em eventos t\u00e9cnicos e tecnol\u00f3gicos. O XXV PEC Nordeste ser\u00e1 realizado de 29 de junho a 1\u00ba de julho no Centro de Eventos do Cear\u00e1.<\/p>\n<p>A programa\u00e7\u00e3o t\u00e9cnico-cient\u00edfica de capacita\u00e7\u00e3o envolve sete segmentos da cadeia produtiva da pecu\u00e1ria: Apicultura, Aquicultura e Pesca, Avicultura, Bovinocultura, Caprinovinocultura, Equinocultura e Suinocultura. J\u00e1 a Feira de Produtos e Servi\u00e7os Agropecu\u00e1rios ter\u00e1 uma feira internacional de fruticultura e horticultura.<\/p>\n<p>Na quarta-feira, o engenheiro agr\u00f4nomo Xico Graziano comandar\u00e1 o painel \u201cO desafio da qualidade no Agro\u201d, que ser\u00e1 realizado no dia 29 de junho. \u201cVamos discutir a qualidade da agricultura brasileira com um foco na pecu\u00e1ria\u201d, diz Graziano. Na quinta-feira, o ex-ministro da Agricultura, Alysson Paulinelli, em cuja gest\u00e3o foi criada a Embrapa, falar\u00e1 sobre o passado, o presente e o futuro da agropecu\u00e1ria brasileira. J\u00e1 a produtora rural Camila Telles, rela\u00e7\u00f5es p\u00fablicas e influenciadora digital, que ministrar\u00e1 a palestra \u201cComunica\u00e7\u00e3o no Agroneg\u00f3cio&#8221;, dentre outros.<\/p>\n<p>\u201cA cada nova edi\u00e7\u00e3o, o PEC Nordeste traz novidades que impactam diretamente na nossa economia&#8221;, destaca Am\u00edlcar Silveira, presidente da Federa\u00e7\u00e3o da Agricultura e Pecu\u00e1ria do Estado do Cear\u00e1 (Faec). &#8220;Estamos muito felizes em voltar a compartilhar conte\u00fado com os produtores rurais, estudantes e micro e pequenos empres\u00e1rios do setor, de realizar, olho no olho, o debate de temas que impactam no dia a dia do produtor rural e na sua atividade.&#8221;<\/p>\n<p>Confira a programa\u00e7\u00e3o completa neste <a href=\"http:\/\/pecnordeste.com.br\/2022\/programacao\/\">link <\/a><\/p>\n<p><strong>Servi\u00e7o:<\/strong><br \/>\nPec Nordeste 2022<br \/>\nData: 29 de junho a 01 de julho<br \/>\nLocal: Centro de Eventos do Cear\u00e1 (Pavilh\u00e3o Oeste), Fortaleza<br \/>\nInscri\u00e7\u00f5es: <a href=\"http:\/\/www.pecnordeste.com.br\/2022\/\">www.pecnordeste.com.br\/2022\/<\/a><\/p>\n","protected":false},"excerpt":{"rendered":"<p>Come\u00e7a nesta quarta-feira, 29, a maior feira agropecu\u00e1ria do Nordeste, O Semin\u00e1rio Nordestino de Pecu\u00e1ria \u2013 PEC Nordeste, que chega \u00e0 sua 25\u00aa edi\u00e7\u00e3o. O evento deste ano ser\u00e1 o maior em n\u00famero de participantes, de expositores e em eventos t\u00e9cnicos e tecnol\u00f3gicos. O XXV PEC Nordeste ser\u00e1 realizado de 29 de junho a 1\u00ba [&hellip;]<\/p>\n","protected":false},"author":1,"featured_media":15679,"comment_status":"open","ping_status":"open","sticky":false,"template":"","format":"standard","meta":{"footnotes":"","_links_to":"","_links_to_target":""},"categories":[5],"tags":[],"class_list":{"0":"post-15801","1":"post","2":"type-post","3":"status-publish","4":"format-standard","5":"has-post-thumbnail","7":"category-noticias","8":"czr-hentry"},"aioseo_notices":[],"_links":{"self":[{"href":"https:\/\/faec.org.br\/sistema\/wp-json\/wp\/v2\/posts\/15801","targetHints":{"allow":["GET"]}}],"collection":[{"href":"https:\/\/faec.org.br\/sistema\/wp-json\/wp\/v2\/posts"}],"about":[{"href":"https:\/\/faec.org.br\/sistema\/wp-json\/wp\/v2\/types\/post"}],"author":[{"embeddable":true,"href":"https:\/\/faec.org.br\/sistema\/wp-json\/wp\/v2\/users\/1"}],"replies":[{"embeddable":true,"href":"https:\/\/faec.org.br\/sistema\/wp-json\/wp\/v2\/comments?post=15801"}],"version-history":[{"count":1,"href":"https:\/\/faec.org.br\/sistema\/wp-json\/wp\/v2\/posts\/15801\/revisions"}],"predecessor-version":[{"id":15802,"href":"https:\/\/faec.org.br\/sistema\/wp-json\/wp\/v2\/posts\/15801\/revisions\/15802"}],"wp:featuredmedia":[{"embeddable":true,"href":"https:\/\/faec.org.br\/sistema\/wp-json\/wp\/v2\/media\/15679"}],"wp:attachment":[{"href":"https:\/\/faec.org.br\/sistema\/wp-json\/wp\/v2\/media?parent=15801"}],"wp:term":[{"taxonomy":"category","embeddable":true,"href":"https:\/\/faec.org.br\/sistema\/wp-json\/wp\/v2\/categories?post=15801"},{"taxonomy":"post_tag","embeddable":true,"href":"https:\/\/faec.org.br\/sistema\/wp-json\/wp\/v2\/tags?post=15801"}],"curies":[{"name":"wp","href":"https:\/\/api.w.org\/{rel}","templated":true}]}}