{"id":15779,"date":"2022-06-07T11:16:31","date_gmt":"2022-06-07T14:16:31","guid":{"rendered":"http:\/\/faec.org.br\/sistema\/?p=15779"},"modified":"2022-06-07T11:16:31","modified_gmt":"2022-06-07T14:16:31","slug":"faec-recebe-primeira-reuniao-das-camaras-tematicas-do-agronegocio-cearense","status":"publish","type":"post","link":"https:\/\/faec.org.br\/sistema\/faec-recebe-primeira-reuniao-das-camaras-tematicas-do-agronegocio-cearense\/","title":{"rendered":"Faec recebe primeira reuni\u00e3o das C\u00e2maras Tem\u00e1ticas do agroneg\u00f3cio cearense"},"content":{"rendered":"<p>A Federa\u00e7\u00e3o da Agricultura do Cear\u00e1 (Faec) recebeu, nesta segunda-feira (6 de junho), a primeira reuni\u00e3o das c\u00e2maras tem\u00e1ticas do agroneg\u00f3cio cearense. At\u00e9 ent\u00e3o, as entidades se reuniam na Ag\u00eancia de Desenvolvimento do Cear\u00e1 (Adece). O primeiro encontro realizado na sede da Faec contou com a presen\u00e7a dos presidentes e vice-presidentes das 15 c\u00e2maras tem\u00e1ticas e setorial.<\/p>\n<p>A partir de agora, as reuni\u00f5es ser\u00e3o realizadas mensalmente na Faec. Para o presidente da Federa\u00e7\u00e3o, Amilcar Silveira, o objetivo \u00e9 unir pequenos, m\u00e9dios e grandes produtores de todos os segmentos que comp\u00f5em o agroneg\u00f3cio cearense. As C\u00e2maras Setoriais continuar\u00e3o mantendo v\u00ednculo com a Secretaria do Desenvolvimento Econ\u00f4mico (Sedet), por meio de sua Secretaria Executiva do Agroneg\u00f3cio.<\/p>\n<p>Participaram da reuni\u00e3o:<br \/>\n1. C\u00e2mara Setorial do Agroneg\u00f3cio<br \/>\n2. C\u00e2mara Tem\u00e1tica do Leite<br \/>\n3. C\u00e2mara Tem\u00e1tica da Ovinocaprinocultura<br \/>\n4. C\u00e2mara Tem\u00e1tica Suinocultura<br \/>\n5. C\u00e2mara Tem\u00e1tica da cajucultura<br \/>\n6. C\u00e2mara Tem\u00e1tica da Fruticultura<br \/>\n7. C\u00e2mara Tem\u00e1tica da Carcinicultura<br \/>\n8. C\u00e2mara Tem\u00e1tica da Equinocultura<br \/>\n9. C\u00e2mara Tem\u00e1tica do Mel<br \/>\n10. C\u00e2mara Tem\u00e1tica da Flor<br \/>\n11. C\u00e2mara Tem\u00e1tica da Til\u00e1pia<br \/>\n12. C\u00e2mara Tem\u00e1tica FAMA (Fabricantes Associados de Marco)<br \/>\n13. C\u00e2mara Tem\u00e1tica da Carna\u00faba<br \/>\n14. C\u00e2mara Tem\u00e1tica da Seguran\u00e7a H\u00eddrica<br \/>\n15. C\u00e2mara Tem\u00e1tica da Avicultura<\/p>\n","protected":false},"excerpt":{"rendered":"<p>A Federa\u00e7\u00e3o da Agricultura do Cear\u00e1 (Faec) recebeu, nesta segunda-feira (6 de junho), a primeira reuni\u00e3o das c\u00e2maras tem\u00e1ticas do agroneg\u00f3cio cearense. At\u00e9 ent\u00e3o, as entidades se reuniam na Ag\u00eancia de Desenvolvimento do Cear\u00e1 (Adece). O primeiro encontro realizado na sede da Faec contou com a presen\u00e7a dos presidentes e vice-presidentes das 15 c\u00e2maras tem\u00e1ticas [&hellip;]<\/p>\n","protected":false},"author":2,"featured_media":15780,"comment_status":"open","ping_status":"open","sticky":false,"template":"","format":"standard","meta":{"footnotes":"","_links_to":"","_links_to_target":""},"categories":[5,26],"tags":[],"class_list":{"0":"post-15779","1":"post","2":"type-post","3":"status-publish","4":"format-standard","5":"has-post-thumbnail","7":"category-noticias","8":"category-destaque","9":"czr-hentry"},"aioseo_notices":[],"_links":{"self":[{"href":"https:\/\/faec.org.br\/sistema\/wp-json\/wp\/v2\/posts\/15779","targetHints":{"allow":["GET"]}}],"collection":[{"href":"https:\/\/faec.org.br\/sistema\/wp-json\/wp\/v2\/posts"}],"about":[{"href":"https:\/\/faec.org.br\/sistema\/wp-json\/wp\/v2\/types\/post"}],"author":[{"embeddable":true,"href":"https:\/\/faec.org.br\/sistema\/wp-json\/wp\/v2\/users\/2"}],"replies":[{"embeddable":true,"href":"https:\/\/faec.org.br\/sistema\/wp-json\/wp\/v2\/comments?post=15779"}],"version-history":[{"count":1,"href":"https:\/\/faec.org.br\/sistema\/wp-json\/wp\/v2\/posts\/15779\/revisions"}],"predecessor-version":[{"id":15781,"href":"https:\/\/faec.org.br\/sistema\/wp-json\/wp\/v2\/posts\/15779\/revisions\/15781"}],"wp:featuredmedia":[{"embeddable":true,"href":"https:\/\/faec.org.br\/sistema\/wp-json\/wp\/v2\/media\/15780"}],"wp:attachment":[{"href":"https:\/\/faec.org.br\/sistema\/wp-json\/wp\/v2\/media?parent=15779"}],"wp:term":[{"taxonomy":"category","embeddable":true,"href":"https:\/\/faec.org.br\/sistema\/wp-json\/wp\/v2\/categories?post=15779"},{"taxonomy":"post_tag","embeddable":true,"href":"https:\/\/faec.org.br\/sistema\/wp-json\/wp\/v2\/tags?post=15779"}],"curies":[{"name":"wp","href":"https:\/\/api.w.org\/{rel}","templated":true}]}}