{"id":15775,"date":"2022-06-01T11:52:38","date_gmt":"2022-06-01T14:52:38","guid":{"rendered":"http:\/\/faec.org.br\/sistema\/?p=15775"},"modified":"2022-06-01T11:52:38","modified_gmt":"2022-06-01T14:52:38","slug":"aumento-da-criminalidade-preocupa-produtores-rurais-de-maranguape","status":"publish","type":"post","link":"https:\/\/faec.org.br\/sistema\/aumento-da-criminalidade-preocupa-produtores-rurais-de-maranguape\/","title":{"rendered":"Aumento da criminalidade preocupa produtores rurais de Maranguape"},"content":{"rendered":"<p>O presidente da Face, Am\u00edlcar Silveira, se reuniu na sexta-feira (27 de maio) com o coronel George Stephenson, da Coordenadoria Geral de Opera\u00e7\u00f5es da PMCE, para tratar de assuntos relacionados \u00e0 seguran\u00e7a dos produtores rurais da regi\u00e3o de Maranguape. Na ocasi\u00e3o, representantes da PMCE ouviram demandas de produtores do munic\u00edpio. &#8220;A criminalidade vem aumentando no munic\u00edpio, como os assaltos nas fazendas. E isso vem preocupando bastante os produtores rurais&#8221;, disse Am\u00edlcar Silveira ap\u00f3s o encontro.<\/p>\n<p>Em fevereiro, o presidente da Faec se reuniu com a c\u00fapula da seguran\u00e7a do Estado do Cear\u00e1 para solicitar a instala\u00e7\u00e3o do Sistema Policial Indicativo de Abordagem (Spia) em per\u00edmetros irrigados e de uma Delegacia Especializada em roubos no meio rural. Am\u00edlcar Silveira apresentou as demandas do setor ao secret\u00e1rio da Seguran\u00e7a P\u00fablica e Defesa Social do Estado do Cear\u00e1, Sandro Caron, ao secret\u00e1rio executivo da pasta, Samuel El\u00e2nio de Oliveira, e ao coronel M\u00e1rcio Oliveira, comandante geral da PMCE.<\/p>\n","protected":false},"excerpt":{"rendered":"<p>O presidente da Face, Am\u00edlcar Silveira, se reuniu na sexta-feira (27 de maio) com o coronel George Stephenson, da Coordenadoria Geral de Opera\u00e7\u00f5es da PMCE, para tratar de assuntos relacionados \u00e0 seguran\u00e7a dos produtores rurais da regi\u00e3o de Maranguape. Na ocasi\u00e3o, representantes da PMCE ouviram demandas de produtores do munic\u00edpio. &#8220;A criminalidade vem aumentando no [&hellip;]<\/p>\n","protected":false},"author":2,"featured_media":15776,"comment_status":"open","ping_status":"open","sticky":false,"template":"","format":"standard","meta":{"footnotes":"","_links_to":"","_links_to_target":""},"categories":[5,26],"tags":[],"class_list":{"0":"post-15775","1":"post","2":"type-post","3":"status-publish","4":"format-standard","5":"has-post-thumbnail","7":"category-noticias","8":"category-destaque","9":"czr-hentry"},"aioseo_notices":[],"_links":{"self":[{"href":"https:\/\/faec.org.br\/sistema\/wp-json\/wp\/v2\/posts\/15775","targetHints":{"allow":["GET"]}}],"collection":[{"href":"https:\/\/faec.org.br\/sistema\/wp-json\/wp\/v2\/posts"}],"about":[{"href":"https:\/\/faec.org.br\/sistema\/wp-json\/wp\/v2\/types\/post"}],"author":[{"embeddable":true,"href":"https:\/\/faec.org.br\/sistema\/wp-json\/wp\/v2\/users\/2"}],"replies":[{"embeddable":true,"href":"https:\/\/faec.org.br\/sistema\/wp-json\/wp\/v2\/comments?post=15775"}],"version-history":[{"count":1,"href":"https:\/\/faec.org.br\/sistema\/wp-json\/wp\/v2\/posts\/15775\/revisions"}],"predecessor-version":[{"id":15777,"href":"https:\/\/faec.org.br\/sistema\/wp-json\/wp\/v2\/posts\/15775\/revisions\/15777"}],"wp:featuredmedia":[{"embeddable":true,"href":"https:\/\/faec.org.br\/sistema\/wp-json\/wp\/v2\/media\/15776"}],"wp:attachment":[{"href":"https:\/\/faec.org.br\/sistema\/wp-json\/wp\/v2\/media?parent=15775"}],"wp:term":[{"taxonomy":"category","embeddable":true,"href":"https:\/\/faec.org.br\/sistema\/wp-json\/wp\/v2\/categories?post=15775"},{"taxonomy":"post_tag","embeddable":true,"href":"https:\/\/faec.org.br\/sistema\/wp-json\/wp\/v2\/tags?post=15775"}],"curies":[{"name":"wp","href":"https:\/\/api.w.org\/{rel}","templated":true}]}}