{"id":15769,"date":"2022-05-30T15:28:13","date_gmt":"2022-05-30T18:28:13","guid":{"rendered":"http:\/\/faec.org.br\/sistema\/?p=15769"},"modified":"2022-05-30T15:28:13","modified_gmt":"2022-05-30T18:28:13","slug":"faculdade-cna-abre-inscricoes-para-o-vestibular","status":"publish","type":"post","link":"https:\/\/faec.org.br\/sistema\/faculdade-cna-abre-inscricoes-para-o-vestibular\/","title":{"rendered":"FACULDADE CNA ABRE INSCRI\u00c7\u00d5ES PARA O VESTIBULAR\u00a0"},"content":{"rendered":"<p class=\"m_-5976621419425916879MsoNoSpacing\" align=\"center\"><i>Institui\u00e7\u00e3o oferece quatro cursos de gradua\u00e7\u00e3o a dist\u00e2ncia para in\u00edcio letivo no segundo semestre<u><\/u><u><\/u><\/i><\/p>\n<p class=\"m_-5976621419425916879MsoNoSpacing\"><b><u><\/u>\u00a0<u><\/u><\/b>A Faculdade CNA est\u00e1 com inscri\u00e7\u00f5es abertas at\u00e9 o dia 20 de julho para o vestibular dos cursos de gradua\u00e7\u00e3o \u00e0 dist\u00e2ncia em Gest\u00e3o do Agroneg\u00f3cio, Gest\u00e3o Ambiental, Gest\u00e3o de Recursos Humanos e Processos Gerenciais.<u><\/u><u><\/u><\/p>\n<p class=\"m_-5976621419425916879MsoNoSpacing\"><u><\/u>\u00a0<u><\/u>A institui\u00e7\u00e3o de ensino superior \u00e9 ligada \u00e0 Confedera\u00e7\u00e3o da Agricultura e Pecu\u00e1ria do Brasil (CNA). O in\u00edcio das aulas para os aprovados ser\u00e1 no segundo semestre deste ano.<u><\/u><u><\/u><\/p>\n<p class=\"m_-5976621419425916879MsoNoSpacing\"><u><\/u>Em todo o pa\u00eds, s\u00e3o 53 polos de ensino distribu\u00eddos nos estados do Acre, Alagoas, Amazonas, Bahia, Cear\u00e1, Distrito Federal, Esp\u00edrito Santo, Goi\u00e1s, Minas Gerais, Mato Grosso do Sul, Mato Grosso, Maranh\u00e3o, Par\u00e1, Para\u00edba, Pernambuco, Rio de Janeiro, Rio Grande do Norte, Rio Grande do Sul, Rond\u00f4nia, Roraima, S\u00e3o Paulo, Santa Catarina e Tocantins. No Cear\u00e1, temos os Polos de Fortaleza, Quixad\u00e1 e Ubajara.<u><\/u><\/p>\n<p class=\"m_-5976621419425916879MsoNoSpacing\"><u><\/u>\u00a0<u><\/u><b>Como ingressar \u2013 <\/b>H\u00e1<b>\u00a0<\/b>tr\u00eas formas de ingresso na faculdade, que podem ser feitas online para mais comodidade e seguran\u00e7a dos candidatos. O primeiro \u00e9 a nota do Exame Nacional do Ensino M\u00e9dio (Enem), se o candidato alcan\u00e7ar mais de 250 pontos considerando os \u00faltimos tr\u00eas anos.<u><\/u><u><\/u><\/p>\n<p class=\"m_-5976621419425916879MsoNoSpacing\"><u><\/u>\u00a0<u><\/u>O estudante tamb\u00e9m pode prestar o vestibular, com a prova de reda\u00e7\u00e3o. A terceira alternativa \u00e9 a an\u00e1lise de documento, para pessoas que j\u00e1 possuem alguma gradua\u00e7\u00e3o.<u><\/u><u><\/u><\/p>\n<p class=\"m_-5976621419425916879MsoNoSpacing\"><u><\/u>No momento da inscri\u00e7\u00e3o, o candidato deve selecionar um polo de ensino mesmo que os cursos sejam a dist\u00e2ncia. O edital est\u00e1 dispon\u00edvel em <a href=\"http:\/\/www.faculdadecna.edu.br\/\" target=\"_blank\" rel=\"noopener\" data-saferedirecturl=\"https:\/\/www.google.com\/url?q=http:\/\/www.faculdadecna.edu.br&amp;source=gmail&amp;ust=1654000192666000&amp;usg=AOvVaw3-O3tt27Iu45CGW3jkqlMd\">www.faculdadecna.edu.br<\/a>.<u><\/u><u><\/u><\/p>\n<p class=\"m_-5976621419425916879MsoNoSpacing\"><u><\/u>\u00a0<u><\/u>Os valores das mensalidades est\u00e3o dispon\u00edveis no edital do processo seletivo. Para outras informa\u00e7\u00f5es e inscri\u00e7\u00f5es, acesse: <a href=\"http:\/\/www.faculdadecna.com.br\/\" target=\"_blank\" rel=\"noopener\" data-saferedirecturl=\"https:\/\/www.google.com\/url?q=http:\/\/www.faculdadecna.com.br&amp;source=gmail&amp;ust=1654000192666000&amp;usg=AOvVaw3zbPYviIFZBhDWB7IECfFq\">www.faculdadecna.com.br<\/a>.<\/p>\n","protected":false},"excerpt":{"rendered":"<p>Institui\u00e7\u00e3o oferece quatro cursos de gradua\u00e7\u00e3o a dist\u00e2ncia para in\u00edcio letivo no segundo semestre \u00a0A Faculdade CNA est\u00e1 com inscri\u00e7\u00f5es abertas at\u00e9 o dia 20 de julho para o vestibular dos cursos de gradua\u00e7\u00e3o \u00e0 dist\u00e2ncia em Gest\u00e3o do Agroneg\u00f3cio, Gest\u00e3o Ambiental, Gest\u00e3o de Recursos Humanos e Processos Gerenciais. \u00a0A institui\u00e7\u00e3o de ensino superior \u00e9 [&hellip;]<\/p>\n","protected":false},"author":2,"featured_media":15770,"comment_status":"open","ping_status":"open","sticky":false,"template":"","format":"standard","meta":{"footnotes":"","_links_to":"","_links_to_target":""},"categories":[5,26],"tags":[],"class_list":{"0":"post-15769","1":"post","2":"type-post","3":"status-publish","4":"format-standard","5":"has-post-thumbnail","7":"category-noticias","8":"category-destaque","9":"czr-hentry"},"aioseo_notices":[],"_links":{"self":[{"href":"https:\/\/faec.org.br\/sistema\/wp-json\/wp\/v2\/posts\/15769","targetHints":{"allow":["GET"]}}],"collection":[{"href":"https:\/\/faec.org.br\/sistema\/wp-json\/wp\/v2\/posts"}],"about":[{"href":"https:\/\/faec.org.br\/sistema\/wp-json\/wp\/v2\/types\/post"}],"author":[{"embeddable":true,"href":"https:\/\/faec.org.br\/sistema\/wp-json\/wp\/v2\/users\/2"}],"replies":[{"embeddable":true,"href":"https:\/\/faec.org.br\/sistema\/wp-json\/wp\/v2\/comments?post=15769"}],"version-history":[{"count":1,"href":"https:\/\/faec.org.br\/sistema\/wp-json\/wp\/v2\/posts\/15769\/revisions"}],"predecessor-version":[{"id":15771,"href":"https:\/\/faec.org.br\/sistema\/wp-json\/wp\/v2\/posts\/15769\/revisions\/15771"}],"wp:featuredmedia":[{"embeddable":true,"href":"https:\/\/faec.org.br\/sistema\/wp-json\/wp\/v2\/media\/15770"}],"wp:attachment":[{"href":"https:\/\/faec.org.br\/sistema\/wp-json\/wp\/v2\/media?parent=15769"}],"wp:term":[{"taxonomy":"category","embeddable":true,"href":"https:\/\/faec.org.br\/sistema\/wp-json\/wp\/v2\/categories?post=15769"},{"taxonomy":"post_tag","embeddable":true,"href":"https:\/\/faec.org.br\/sistema\/wp-json\/wp\/v2\/tags?post=15769"}],"curies":[{"name":"wp","href":"https:\/\/api.w.org\/{rel}","templated":true}]}}