{"id":15750,"date":"2022-05-05T14:30:39","date_gmt":"2022-05-05T17:30:39","guid":{"rendered":"http:\/\/faec.org.br\/sistema\/?p=15750"},"modified":"2022-05-05T14:30:39","modified_gmt":"2022-05-05T17:30:39","slug":"limoeiro-do-norte-recebera-condominio-rural","status":"publish","type":"post","link":"https:\/\/faec.org.br\/sistema\/limoeiro-do-norte-recebera-condominio-rural\/","title":{"rendered":"Limoeiro do Norte receber\u00e1 Condom\u00ednio Rural"},"content":{"rendered":"<p style=\"text-align: justify;\">O presidente da Federa\u00e7\u00e3o da Agricultura do Estado do Cear\u00e1 (Faec), Am\u00edlcar Silveira, se reuniu nesta quarta-feira (4) com o empres\u00e1rio da agroind\u00fastria, Fernando Cirino Gurgel, e com representantes da Prefeitura de Limoeiro do Norte para a instala\u00e7\u00e3o de um &#8220;Condom\u00ednio Rural&#8221; no munic\u00edpio. O terreno para o empreendimento, doado por Fernando Cirino, compreende uma \u00e1rea de 111 hectares. Segundo Am\u00edlcar Silveira, a \u00e1rea da fazenda ser\u00e1 dividida em 20 lotes de 5 hectares cada um. O Condom\u00ednio ir\u00e1 produzir frutas de alto valor agregado, como a acerola, e hortali\u00e7as.<\/p>\n<p style=\"text-align: justify;\">&#8220;Se essa experi\u00eancia condominial obtiver \u00eaxito, e as chances de que isso aconte\u00e7a s\u00e3o totais, a Faec buscar\u00e1 novos parceiros para a cria\u00e7\u00e3o de novos condom\u00ednios rurais no Estado&#8221;, diz Am\u00edlcar Silveira. Os 20 t\u00e9cnicos agr\u00edcolas que ir\u00e3o explorar a \u00e1rea receber\u00e3o t\u00edtulos de propriedade e ter\u00e3o acesso ao cr\u00e9dito banc\u00e1rio.<\/p>\n","protected":false},"excerpt":{"rendered":"<p>O presidente da Federa\u00e7\u00e3o da Agricultura do Estado do Cear\u00e1 (Faec), Am\u00edlcar Silveira, se reuniu nesta quarta-feira (4) com o empres\u00e1rio da agroind\u00fastria, Fernando Cirino Gurgel, e com representantes da Prefeitura de Limoeiro do Norte para a instala\u00e7\u00e3o de um &#8220;Condom\u00ednio Rural&#8221; no munic\u00edpio. O terreno para o empreendimento, doado por Fernando Cirino, compreende uma [&hellip;]<\/p>\n","protected":false},"author":2,"featured_media":15751,"comment_status":"open","ping_status":"open","sticky":false,"template":"","format":"standard","meta":{"footnotes":"","_links_to":"","_links_to_target":""},"categories":[5,26],"tags":[],"class_list":{"0":"post-15750","1":"post","2":"type-post","3":"status-publish","4":"format-standard","5":"has-post-thumbnail","7":"category-noticias","8":"category-destaque","9":"czr-hentry"},"aioseo_notices":[],"_links":{"self":[{"href":"https:\/\/faec.org.br\/sistema\/wp-json\/wp\/v2\/posts\/15750","targetHints":{"allow":["GET"]}}],"collection":[{"href":"https:\/\/faec.org.br\/sistema\/wp-json\/wp\/v2\/posts"}],"about":[{"href":"https:\/\/faec.org.br\/sistema\/wp-json\/wp\/v2\/types\/post"}],"author":[{"embeddable":true,"href":"https:\/\/faec.org.br\/sistema\/wp-json\/wp\/v2\/users\/2"}],"replies":[{"embeddable":true,"href":"https:\/\/faec.org.br\/sistema\/wp-json\/wp\/v2\/comments?post=15750"}],"version-history":[{"count":1,"href":"https:\/\/faec.org.br\/sistema\/wp-json\/wp\/v2\/posts\/15750\/revisions"}],"predecessor-version":[{"id":15752,"href":"https:\/\/faec.org.br\/sistema\/wp-json\/wp\/v2\/posts\/15750\/revisions\/15752"}],"wp:featuredmedia":[{"embeddable":true,"href":"https:\/\/faec.org.br\/sistema\/wp-json\/wp\/v2\/media\/15751"}],"wp:attachment":[{"href":"https:\/\/faec.org.br\/sistema\/wp-json\/wp\/v2\/media?parent=15750"}],"wp:term":[{"taxonomy":"category","embeddable":true,"href":"https:\/\/faec.org.br\/sistema\/wp-json\/wp\/v2\/categories?post=15750"},{"taxonomy":"post_tag","embeddable":true,"href":"https:\/\/faec.org.br\/sistema\/wp-json\/wp\/v2\/tags?post=15750"}],"curies":[{"name":"wp","href":"https:\/\/api.w.org\/{rel}","templated":true}]}}