{"id":15747,"date":"2022-05-04T09:16:26","date_gmt":"2022-05-04T12:16:26","guid":{"rendered":"http:\/\/faec.org.br\/sistema\/?p=15747"},"modified":"2022-05-04T09:16:26","modified_gmt":"2022-05-04T12:16:26","slug":"faec-solicita-fim-da-taxa-de-contingenciamento-da-cagece","status":"publish","type":"post","link":"https:\/\/faec.org.br\/sistema\/faec-solicita-fim-da-taxa-de-contingenciamento-da-cagece\/","title":{"rendered":"Faec solicita fim da &#8220;taxa de contingenciamento&#8221; da Cagece"},"content":{"rendered":"<p>O presidente da Faec, Amilcar Silveira, se reuniu nesta segunda-feira (2) com o procurador-Geral de Justi\u00e7a do Estado, Manuel Pinheiro, para apresentar duas demandas do setor: 1) Fim da &#8220;taxa de contingenciamento&#8221; da Cagece e 2) Solicita\u00e7\u00e3o de an\u00e1lise do reajuste da tarifa de 32,7%, pela Enel, para o abastecimento de energia ao produtor rural.<\/p>\n<p>O presidente da Faec argumenta que a &#8220;tarifa de contingenciamento&#8221;, cuja implanta\u00e7\u00e3o estava vinculada ao estado de escassez h\u00eddrica no Cear\u00e1, j\u00e1 n\u00e3o se justifica, em virtude do atual n\u00edvel dos reservat\u00f3rios do Estado. Atualmente, 43 de 55 reservat\u00f3rios cearenses est\u00e3o com capacidade acima dos 90%. Apenas em 2021, a Cagece arrecadou R$ 147 milh\u00f5es a t\u00edtulo da &#8220;Tarifa de Conting\u00eancia&#8221;.<\/p>\n<p>O presidente da Faec pede ainda que a Cagece informe a destina\u00e7\u00e3o dos recursos arrecadados com a tarifa. \u201cFomos pedir o fim da taxa de contingenciamento pela Cagece. No ano passado, essa taxa representou uma arrecada\u00e7\u00e3o extra de R$ 147 milh\u00f5es. E queremos saber tamb\u00e9m onde \u00e9 feita a aplica\u00e7\u00e3o desse dinheiro\u201d, disse Amilcar.<\/p>\n","protected":false},"excerpt":{"rendered":"<p>O presidente da Faec, Amilcar Silveira, se reuniu nesta segunda-feira (2) com o procurador-Geral de Justi\u00e7a do Estado, Manuel Pinheiro, para apresentar duas demandas do setor: 1) Fim da &#8220;taxa de contingenciamento&#8221; da Cagece e 2) Solicita\u00e7\u00e3o de an\u00e1lise do reajuste da tarifa de 32,7%, pela Enel, para o abastecimento de energia ao produtor rural. [&hellip;]<\/p>\n","protected":false},"author":2,"featured_media":15748,"comment_status":"open","ping_status":"open","sticky":false,"template":"","format":"standard","meta":{"footnotes":"","_links_to":"","_links_to_target":""},"categories":[5,26],"tags":[],"class_list":{"0":"post-15747","1":"post","2":"type-post","3":"status-publish","4":"format-standard","5":"has-post-thumbnail","7":"category-noticias","8":"category-destaque","9":"czr-hentry"},"aioseo_notices":[],"_links":{"self":[{"href":"https:\/\/faec.org.br\/sistema\/wp-json\/wp\/v2\/posts\/15747","targetHints":{"allow":["GET"]}}],"collection":[{"href":"https:\/\/faec.org.br\/sistema\/wp-json\/wp\/v2\/posts"}],"about":[{"href":"https:\/\/faec.org.br\/sistema\/wp-json\/wp\/v2\/types\/post"}],"author":[{"embeddable":true,"href":"https:\/\/faec.org.br\/sistema\/wp-json\/wp\/v2\/users\/2"}],"replies":[{"embeddable":true,"href":"https:\/\/faec.org.br\/sistema\/wp-json\/wp\/v2\/comments?post=15747"}],"version-history":[{"count":1,"href":"https:\/\/faec.org.br\/sistema\/wp-json\/wp\/v2\/posts\/15747\/revisions"}],"predecessor-version":[{"id":15749,"href":"https:\/\/faec.org.br\/sistema\/wp-json\/wp\/v2\/posts\/15747\/revisions\/15749"}],"wp:featuredmedia":[{"embeddable":true,"href":"https:\/\/faec.org.br\/sistema\/wp-json\/wp\/v2\/media\/15748"}],"wp:attachment":[{"href":"https:\/\/faec.org.br\/sistema\/wp-json\/wp\/v2\/media?parent=15747"}],"wp:term":[{"taxonomy":"category","embeddable":true,"href":"https:\/\/faec.org.br\/sistema\/wp-json\/wp\/v2\/categories?post=15747"},{"taxonomy":"post_tag","embeddable":true,"href":"https:\/\/faec.org.br\/sistema\/wp-json\/wp\/v2\/tags?post=15747"}],"curies":[{"name":"wp","href":"https:\/\/api.w.org\/{rel}","templated":true}]}}