{"id":15668,"date":"2022-03-14T11:47:45","date_gmt":"2022-03-14T14:47:45","guid":{"rendered":"http:\/\/faec.org.br\/sistema\/?p=15668"},"modified":"2022-03-14T13:49:34","modified_gmt":"2022-03-14T16:49:34","slug":"sistema-faec-senar-realiza-reunioes-com-sindicatos-rurais-para-planejamento-de-acoes-para-2022","status":"publish","type":"post","link":"https:\/\/faec.org.br\/sistema\/sistema-faec-senar-realiza-reunioes-com-sindicatos-rurais-para-planejamento-de-acoes-para-2022\/","title":{"rendered":"Sistema Faec\/Senar realiza reuni\u00f5es com Sindicatos Rurais para planejamento de a\u00e7\u00f5es para 2022"},"content":{"rendered":"<p style=\"text-align: justify;\">O presidente da Federa\u00e7\u00e3o da Agricultura e Pecu\u00e1ria do Estado do Cear\u00e1 (Faec), Am\u00edlcar Silveira, se reuniu, na ultima semana com representantes de 16 sindicatos rurais da Regi\u00e3o Norte, Ibiapaba e Litoral Oeste para alinhar as a\u00e7\u00f5es de Assist\u00eancia T\u00e9cnica e Gerencial (ATeG) no Programa Agronordeste para o ano de 2022.<\/p>\n<p style=\"text-align: justify;\">\u201cEstamos fazendo o planejamento das a\u00e7\u00f5es para o ano de 2022, ouvindo os presidentes dos sindicatos para tra\u00e7ar a nossa estrat\u00e9gia\u201d, destacou Silveira sobre o encontro, realizado no munic\u00edpio de Sobral. A ATeG \u00e9 desenvolvida juntamente com o Servi\u00e7o Nacional de Aprendizagem Rural (Senar) Cear\u00e1.<\/p>\n<p style=\"text-align: justify;\">O presidente destacou ainda que a assist\u00eancia t\u00e9cnica e gerencial do Senar, por meio do Agronordeste, \u00e9 fundamental para que os produtores possam desenvolver de forma sustent\u00e1vel suas atividades no semi\u00e1rido.<\/p>\n<p style=\"text-align: justify;\">Al\u00e9m da Regi\u00e3o Norte, Ibiapaba e Litoral Oeste, foi realizada reuni\u00e3o com os Sindicatos Rurais da Regi\u00e3o do M\u00e9dio e Baixo Jaguaribe, onde estiveram presentes os presidente dos Sindicatos de Solon\u00f3pole, Jaguaretama, Jaguaribe, Morada Nova, Russas, Iracema e Limoeiro do Norte, reuni\u00e3o esta que ocorreu no munic\u00edpio de Limoeiro do Norte e tamb\u00e9m realizou encontro na sede do Sistema Faec\/Senar, com os Presidentes dos Sindicatos Rurais dos munic\u00edpios de Aracoiaba, Aracati, Barreira, Beberibe, Cascavel, Canind\u00e9, Caucaia, Horizonte.<\/p>\n<p style=\"text-align: justify;\"><img loading=\"lazy\" decoding=\"async\" class=\"wp-image-15669 aligncenter\" src=\"http:\/\/faec.org.br\/sistema\/wp-content\/uploads\/2022\/03\/Reuniao-Sindicatos-Regiao-Norte-1-300x225.jpeg\" alt=\"\" width=\"506\" height=\"379\" srcset=\"https:\/\/faec.org.br\/sistema\/wp-content\/uploads\/2022\/03\/Reuniao-Sindicatos-Regiao-Norte-1-300x225.jpeg 300w, https:\/\/faec.org.br\/sistema\/wp-content\/uploads\/2022\/03\/Reuniao-Sindicatos-Regiao-Norte-1-768x576.jpeg 768w, https:\/\/faec.org.br\/sistema\/wp-content\/uploads\/2022\/03\/Reuniao-Sindicatos-Regiao-Norte-1-24x18.jpeg 24w, https:\/\/faec.org.br\/sistema\/wp-content\/uploads\/2022\/03\/Reuniao-Sindicatos-Regiao-Norte-1-36x27.jpeg 36w, https:\/\/faec.org.br\/sistema\/wp-content\/uploads\/2022\/03\/Reuniao-Sindicatos-Regiao-Norte-1-48x36.jpeg 48w, https:\/\/faec.org.br\/sistema\/wp-content\/uploads\/2022\/03\/Reuniao-Sindicatos-Regiao-Norte-1.jpeg 1280w\" sizes=\"auto, (max-width: 506px) 100vw, 506px\" \/><\/p>\n","protected":false},"excerpt":{"rendered":"<p>O presidente da Federa\u00e7\u00e3o da Agricultura e Pecu\u00e1ria do Estado do Cear\u00e1 (Faec), Am\u00edlcar Silveira, se reuniu, na ultima semana com representantes de 16 sindicatos rurais da Regi\u00e3o Norte, Ibiapaba e Litoral Oeste para alinhar as a\u00e7\u00f5es de Assist\u00eancia T\u00e9cnica e Gerencial (ATeG) no Programa Agronordeste para o ano de 2022. \u201cEstamos fazendo o planejamento [&hellip;]<\/p>\n","protected":false},"author":2,"featured_media":0,"comment_status":"open","ping_status":"open","sticky":false,"template":"","format":"standard","meta":{"footnotes":"","_links_to":"","_links_to_target":""},"categories":[5,26,203],"tags":[],"class_list":{"0":"post-15668","1":"post","2":"type-post","3":"status-publish","4":"format-standard","6":"category-noticias","7":"category-destaque","8":"category-noticias-dos-sindicatos","9":"czr-hentry"},"aioseo_notices":[],"_links":{"self":[{"href":"https:\/\/faec.org.br\/sistema\/wp-json\/wp\/v2\/posts\/15668","targetHints":{"allow":["GET"]}}],"collection":[{"href":"https:\/\/faec.org.br\/sistema\/wp-json\/wp\/v2\/posts"}],"about":[{"href":"https:\/\/faec.org.br\/sistema\/wp-json\/wp\/v2\/types\/post"}],"author":[{"embeddable":true,"href":"https:\/\/faec.org.br\/sistema\/wp-json\/wp\/v2\/users\/2"}],"replies":[{"embeddable":true,"href":"https:\/\/faec.org.br\/sistema\/wp-json\/wp\/v2\/comments?post=15668"}],"version-history":[{"count":2,"href":"https:\/\/faec.org.br\/sistema\/wp-json\/wp\/v2\/posts\/15668\/revisions"}],"predecessor-version":[{"id":15672,"href":"https:\/\/faec.org.br\/sistema\/wp-json\/wp\/v2\/posts\/15668\/revisions\/15672"}],"wp:attachment":[{"href":"https:\/\/faec.org.br\/sistema\/wp-json\/wp\/v2\/media?parent=15668"}],"wp:term":[{"taxonomy":"category","embeddable":true,"href":"https:\/\/faec.org.br\/sistema\/wp-json\/wp\/v2\/categories?post=15668"},{"taxonomy":"post_tag","embeddable":true,"href":"https:\/\/faec.org.br\/sistema\/wp-json\/wp\/v2\/tags?post=15668"}],"curies":[{"name":"wp","href":"https:\/\/api.w.org\/{rel}","templated":true}]}}