{"id":18861,"date":"2026-09-02T09:24:35","date_gmt":"2026-09-02T12:24:35","guid":{"rendered":"https:\/\/faec.org.br\/senar\/?p=18861"},"modified":"2026-09-02T09:24:35","modified_gmt":"2026-09-02T12:24:35","slug":"presidente-da-cna-critica-descontrole-dos-gastos-publicos","status":"publish","type":"post","link":"https:\/\/faec.org.br\/senar\/presidente-da-cna-critica-descontrole-dos-gastos-publicos\/","title":{"rendered":"Presidente da CNA critica descontrole dos gastos p\u00fablicos"},"content":{"rendered":"<figure id=\"attachment_18862\" aria-describedby=\"caption-attachment-18862\" style=\"width: 2560px\" class=\"wp-caption alignnone\"><img loading=\"lazy\" decoding=\"async\" class=\"size-full wp-image-18862\" src=\"https:\/\/faec.org.br\/senar\/wp-content\/uploads\/2026\/09\/IMG_6094-Aprimorado-NR-scaled.jpg\" alt=\"\" width=\"2560\" height=\"1707\" srcset=\"https:\/\/faec.org.br\/senar\/wp-content\/uploads\/2026\/09\/IMG_6094-Aprimorado-NR-scaled.jpg 2560w, https:\/\/faec.org.br\/senar\/wp-content\/uploads\/2026\/09\/IMG_6094-Aprimorado-NR-300x200.jpg 300w, https:\/\/faec.org.br\/senar\/wp-content\/uploads\/2026\/09\/IMG_6094-Aprimorado-NR-1620x1080.jpg 1620w, https:\/\/faec.org.br\/senar\/wp-content\/uploads\/2026\/09\/IMG_6094-Aprimorado-NR-768x512.jpg 768w, https:\/\/faec.org.br\/senar\/wp-content\/uploads\/2026\/09\/IMG_6094-Aprimorado-NR-1536x1024.jpg 1536w, https:\/\/faec.org.br\/senar\/wp-content\/uploads\/2026\/09\/IMG_6094-Aprimorado-NR-2048x1365.jpg 2048w, https:\/\/faec.org.br\/senar\/wp-content\/uploads\/2026\/09\/IMG_6094-Aprimorado-NR-24x16.jpg 24w, https:\/\/faec.org.br\/senar\/wp-content\/uploads\/2026\/09\/IMG_6094-Aprimorado-NR-36x24.jpg 36w, https:\/\/faec.org.br\/senar\/wp-content\/uploads\/2026\/09\/IMG_6094-Aprimorado-NR-48x32.jpg 48w\" sizes=\"auto, (max-width: 2560px) 100vw, 2560px\" \/><figcaption id=\"caption-attachment-18862\" class=\"wp-caption-text\">Am\u00edlcar Silveira e Jo\u00e3o Martins durante a cerim\u00f4nia de abertura do PEC Nordeste 2025<\/figcaption><\/figure>\n<p>Durante o evento \u201cAgenda Brasil \u2013 Crescimento, Emprego e Competitividade\u201d, realizado no dia 25 de agosto, o presidente da CNA, Jo\u00e3o Martins, criticou o descontrole dos gastos p\u00fablicos e afirmou que o ajuste das contas do governo n\u00e3o \u00e9 mais uma escolha, mas \u201cuma necessidade imperativa\u201d.<\/p>\n<p>Para Martins, o Brasil se encontra em um momento particularmente cr\u00edtico de sua hist\u00f3ria; o descontrole dos gastos p\u00fablicos tornou a economia brasileira um ambiente in\u00f3spito e hostil; a d\u00edvida p\u00fablica n\u00e3o para de crescer, ocupando espa\u00e7o no mercado financeiro com os t\u00edtulos do Tesouro e empurrando os juros para n\u00edveis incompat\u00edveis com o investimento e o funcionamento da economia privada.<\/p>\n<p>O ajuste das contas do governo, afirmou o presidente da CNA, n\u00e3o \u00e9 mais uma escolha, \u201c\u00e9 uma necessidade imperativa\u201d, j\u00e1 que estruturas produtivas constru\u00eddas ao longo de d\u00e9cadas est\u00e3o na imin\u00eancia de desaparecer. \u201cEmpresas, quando morrem, morrem para sempre. Fam\u00edlias endividadas se desconstroem. A a\u00e7\u00e3o e a omiss\u00e3o do governo est\u00e3o envenenando o Pa\u00eds com os maiores juros reais de todo o mundo\u201d, afirmou.<\/p>\n","protected":false},"excerpt":{"rendered":"<p>Durante o evento \u201cAgenda Brasil \u2013 Crescimento, Emprego e Competitividade\u201d, realizado no dia 25 de agosto, o presidente da CNA, Jo\u00e3o Martins, criticou o descontrole dos gastos p\u00fablicos e afirmou que o ajuste das contas do governo n\u00e3o \u00e9 mais uma escolha, mas \u201cuma necessidade imperativa\u201d. Para Martins, o Brasil se encontra em um momento [&hellip;]<\/p>\n","protected":false},"author":1,"featured_media":18863,"comment_status":"open","ping_status":"open","sticky":false,"template":"","format":"standard","meta":{"footnotes":""},"categories":[5],"tags":[],"class_list":["post-18861","post","type-post","status-publish","format-standard","has-post-thumbnail","category-noticias","czr-hentry"],"_links":{"self":[{"href":"https:\/\/faec.org.br\/senar\/wp-json\/wp\/v2\/posts\/18861","targetHints":{"allow":["GET"]}}],"collection":[{"href":"https:\/\/faec.org.br\/senar\/wp-json\/wp\/v2\/posts"}],"about":[{"href":"https:\/\/faec.org.br\/senar\/wp-json\/wp\/v2\/types\/post"}],"author":[{"embeddable":true,"href":"https:\/\/faec.org.br\/senar\/wp-json\/wp\/v2\/users\/1"}],"replies":[{"embeddable":true,"href":"https:\/\/faec.org.br\/senar\/wp-json\/wp\/v2\/comments?post=18861"}],"version-history":[{"count":1,"href":"https:\/\/faec.org.br\/senar\/wp-json\/wp\/v2\/posts\/18861\/revisions"}],"predecessor-version":[{"id":18864,"href":"https:\/\/faec.org.br\/senar\/wp-json\/wp\/v2\/posts\/18861\/revisions\/18864"}],"wp:featuredmedia":[{"embeddable":true,"href":"https:\/\/faec.org.br\/senar\/wp-json\/wp\/v2\/media\/18863"}],"wp:attachment":[{"href":"https:\/\/faec.org.br\/senar\/wp-json\/wp\/v2\/media?parent=18861"}],"wp:term":[{"taxonomy":"category","embeddable":true,"href":"https:\/\/faec.org.br\/senar\/wp-json\/wp\/v2\/categories?post=18861"},{"taxonomy":"post_tag","embeddable":true,"href":"https:\/\/faec.org.br\/senar\/wp-json\/wp\/v2\/tags?post=18861"}],"curies":[{"name":"wp","href":"https:\/\/api.w.org\/{rel}","templated":true}]}}