{"id":18858,"date":"2026-09-01T08:42:07","date_gmt":"2026-09-01T11:42:07","guid":{"rendered":"https:\/\/faec.org.br\/senar\/?p=18858"},"modified":"2026-09-01T08:42:07","modified_gmt":"2026-09-01T11:42:07","slug":"amilcar-silveira-participa-da-entrega-do-centro-de-excelencia-do-senar-em-sao-paulo","status":"publish","type":"post","link":"https:\/\/faec.org.br\/senar\/amilcar-silveira-participa-da-entrega-do-centro-de-excelencia-do-senar-em-sao-paulo\/","title":{"rendered":"Am\u00edlcar Silveira participa da entrega do Centro de Excel\u00eancia do Senar em S\u00e3o Paulo"},"content":{"rendered":"<p><img loading=\"lazy\" decoding=\"async\" class=\"alignnone size-full wp-image-18859\" src=\"https:\/\/faec.org.br\/senar\/wp-content\/uploads\/2026\/09\/Sao-Roque-2.jpg\" alt=\"\" width=\"2047\" height=\"1073\" srcset=\"https:\/\/faec.org.br\/senar\/wp-content\/uploads\/2026\/09\/Sao-Roque-2.jpg 2047w, https:\/\/faec.org.br\/senar\/wp-content\/uploads\/2026\/09\/Sao-Roque-2-300x157.jpg 300w, https:\/\/faec.org.br\/senar\/wp-content\/uploads\/2026\/09\/Sao-Roque-2-768x403.jpg 768w, https:\/\/faec.org.br\/senar\/wp-content\/uploads\/2026\/09\/Sao-Roque-2-1536x805.jpg 1536w, https:\/\/faec.org.br\/senar\/wp-content\/uploads\/2026\/09\/Sao-Roque-2-24x13.jpg 24w, https:\/\/faec.org.br\/senar\/wp-content\/uploads\/2026\/09\/Sao-Roque-2-36x19.jpg 36w, https:\/\/faec.org.br\/senar\/wp-content\/uploads\/2026\/09\/Sao-Roque-2-48x25.jpg 48w\" sizes=\"auto, (max-width: 2047px) 100vw, 2047px\" \/><\/p>\n<p>O presidente da Faec e do Instituto CNA, Am\u00edlcar Silveira, participou, no dia 22 de agosto, da entrega das obras do Centro de Excel\u00eancia em Tecnologia do Senar, em S\u00e3o Roque (SP). A unidade ter\u00e1 24 cursos voltados \u00e0 inova\u00e7\u00e3o aplicada ao setor agropecu\u00e1rio e receber\u00e1, em parceria com a Confedera\u00e7\u00e3o da Agricultura e Pecu\u00e1ria do Brasil (CNA), um centro de refer\u00eancia nacional em pesquisa e inova\u00e7\u00e3o para a bovinocultura de leite.<\/p>\n<p>\u201cSer\u00e1 o mais moderno centro de pesquisa do setor no Brasil, com pesquisa e fomento de startups\u201d, destacou Am\u00edlcar. O centro atuar\u00e1 em pesquisa, desenvolvimento, fomento e valida\u00e7\u00e3o de tecnologias voltadas \u00e0 produ\u00e7\u00e3o de leite. O Centro de Excel\u00eancia conta com cerca de 10 mil metros quadrados de \u00e1rea constru\u00edda, 12 salas de aula e capacidade para atender at\u00e9 4 mil alunos por ano.<\/p>\n","protected":false},"excerpt":{"rendered":"<p>O presidente da Faec e do Instituto CNA, Am\u00edlcar Silveira, participou, no dia 22 de agosto, da entrega das obras do Centro de Excel\u00eancia em Tecnologia do Senar, em S\u00e3o Roque (SP). A unidade ter\u00e1 24 cursos voltados \u00e0 inova\u00e7\u00e3o aplicada ao setor agropecu\u00e1rio e receber\u00e1, em parceria com a Confedera\u00e7\u00e3o da Agricultura e Pecu\u00e1ria [&hellip;]<\/p>\n","protected":false},"author":1,"featured_media":0,"comment_status":"open","ping_status":"open","sticky":false,"template":"","format":"standard","meta":{"footnotes":""},"categories":[5],"tags":[],"class_list":["post-18858","post","type-post","status-publish","format-standard","category-noticias","czr-hentry"],"_links":{"self":[{"href":"https:\/\/faec.org.br\/senar\/wp-json\/wp\/v2\/posts\/18858","targetHints":{"allow":["GET"]}}],"collection":[{"href":"https:\/\/faec.org.br\/senar\/wp-json\/wp\/v2\/posts"}],"about":[{"href":"https:\/\/faec.org.br\/senar\/wp-json\/wp\/v2\/types\/post"}],"author":[{"embeddable":true,"href":"https:\/\/faec.org.br\/senar\/wp-json\/wp\/v2\/users\/1"}],"replies":[{"embeddable":true,"href":"https:\/\/faec.org.br\/senar\/wp-json\/wp\/v2\/comments?post=18858"}],"version-history":[{"count":1,"href":"https:\/\/faec.org.br\/senar\/wp-json\/wp\/v2\/posts\/18858\/revisions"}],"predecessor-version":[{"id":18860,"href":"https:\/\/faec.org.br\/senar\/wp-json\/wp\/v2\/posts\/18858\/revisions\/18860"}],"wp:attachment":[{"href":"https:\/\/faec.org.br\/senar\/wp-json\/wp\/v2\/media?parent=18858"}],"wp:term":[{"taxonomy":"category","embeddable":true,"href":"https:\/\/faec.org.br\/senar\/wp-json\/wp\/v2\/categories?post=18858"},{"taxonomy":"post_tag","embeddable":true,"href":"https:\/\/faec.org.br\/senar\/wp-json\/wp\/v2\/tags?post=18858"}],"curies":[{"name":"wp","href":"https:\/\/api.w.org\/{rel}","templated":true}]}}