{"id":18375,"date":"2026-03-26T08:02:35","date_gmt":"2026-03-26T11:02:35","guid":{"rendered":"https:\/\/faec.org.br\/senar\/?p=18375"},"modified":"2026-03-26T08:02:35","modified_gmt":"2026-03-26T11:02:35","slug":"conexao-agro-reune-mais-de-1-mil-produtores-rurais-e-leva-servicos-a-iguatu","status":"publish","type":"post","link":"https:\/\/faec.org.br\/senar\/conexao-agro-reune-mais-de-1-mil-produtores-rurais-e-leva-servicos-a-iguatu\/","title":{"rendered":"Conex\u00e3o Agro re\u00fane mais de 1 mil produtores rurais e leva servi\u00e7os a Iguatu"},"content":{"rendered":"<p><img loading=\"lazy\" decoding=\"async\" class=\" wp-image-18376 aligncenter\" src=\"http:\/\/faec.org.br\/senar\/wp-content\/uploads\/2026\/03\/iguatu.capa_-300x221.jpg\" alt=\"\" width=\"542\" height=\"399\" srcset=\"https:\/\/faec.org.br\/senar\/wp-content\/uploads\/2026\/03\/iguatu.capa_-300x221.jpg 300w, https:\/\/faec.org.br\/senar\/wp-content\/uploads\/2026\/03\/iguatu.capa_-768x567.jpg 768w, https:\/\/faec.org.br\/senar\/wp-content\/uploads\/2026\/03\/iguatu.capa_-24x18.jpg 24w, https:\/\/faec.org.br\/senar\/wp-content\/uploads\/2026\/03\/iguatu.capa_-36x27.jpg 36w, https:\/\/faec.org.br\/senar\/wp-content\/uploads\/2026\/03\/iguatu.capa_-48x35.jpg 48w, https:\/\/faec.org.br\/senar\/wp-content\/uploads\/2026\/03\/iguatu.capa_.jpg 900w\" sizes=\"auto, (max-width: 542px) 100vw, 542px\" \/><\/p>\n<p>O Conex\u00e3o Agro \u2013 Edi\u00e7\u00e3o Iguatu reuniu, na quinta-feira (19), Dia de S\u00e3o Jos\u00e9, mais de 1 mil produtores rurais no Parque Asa Branca, em Iguatu, no Centro-Sul do Cear\u00e1. Promovido pela Federa\u00e7\u00e3o da Agricultura e Pecu\u00e1ria do Estado do Cear\u00e1 (Faec) em parceria com a Prefeitura de Iguatu, o evento levou servi\u00e7os, orienta\u00e7\u00f5es t\u00e9cnicas e capacita\u00e7\u00e3o a produtores rurais da regi\u00e3o.<\/p>\n<p>O evento marcou o in\u00edcio de uma s\u00e9rie de encontros programados para 2026, integrando as comemora\u00e7\u00f5es pelos 60 anos da Faec. Durante essa edi\u00e7\u00e3o tamb\u00e9m foi realizado o Encontro de Mulheres do Agro e o Encontro dos estudantes de Ci\u00eancias Agr\u00e1rias da Regi\u00e3o Centro Sul.<\/p>\n<p>Mais de 15 entidades e \u00f3rg\u00e3os p\u00fablicos participaram da iniciativa, oferecendo atendimentos e atividades voltadas \u00e0 inova\u00e7\u00e3o, boas pr\u00e1ticas produtivas e gest\u00e3o no campo. Tamb\u00e9m foram disponibilizados servi\u00e7os de sa\u00fade, al\u00e9m de orienta\u00e7\u00f5es sobre cr\u00e9dito rural, licenciamento ambiental e regulariza\u00e7\u00e3o de atividades agropecu\u00e1rias.<\/p>\n<p>Entre os destaques, a Ag\u00eancia de Defesa Agropecu\u00e1ria do Estado do Cear\u00e1 (Adagri) realizou oficinas para produtores e lan\u00e7ou o Passaporte Equestre, iniciativa voltada ao controle do tr\u00e2nsito de equinos. O Departamento Estadual de Tr\u00e2nsito do Cear\u00e1 (Detran-CE) prestou servi\u00e7os relacionados \u00e0 habilita\u00e7\u00e3o de produtores rurais, enquanto o Banco do Brasil e o Banco do Nordeste orientaram sobre linhas de cr\u00e9dito.<\/p>\n<p>O presidente da Faec, Am\u00edlcar Silveira, avaliou a primeira edi\u00e7\u00e3o como um sucesso. \u201cConseguimos reunir parceiros importantes e levar informa\u00e7\u00e3o, servi\u00e7os e oportunidades diretamente ao produtor rural. Esse \u00e9 o objetivo do Conex\u00e3o Agro: aproximar solu\u00e7\u00f5es do campo e fortalecer o agroneg\u00f3cio cearense\u201d, afirmou.<\/p>\n<p>Voltado a produtores, t\u00e9cnicos, estudantes e profissionais do setor, o evento tamb\u00e9m contou com palestras, oficinas e o Encontro de Mulheres do Agro, refor\u00e7ando o papel da qualifica\u00e7\u00e3o e do di\u00e1logo para o desenvolvimento da agropecu\u00e1ria no Cear\u00e1.<\/p>\n","protected":false},"excerpt":{"rendered":"<p>O Conex\u00e3o Agro \u2013 Edi\u00e7\u00e3o Iguatu reuniu, na quinta-feira (19), Dia de S\u00e3o Jos\u00e9, mais de 1 mil produtores rurais no Parque Asa Branca, em Iguatu, no Centro-Sul do Cear\u00e1. Promovido pela Federa\u00e7\u00e3o da Agricultura e Pecu\u00e1ria do Estado do Cear\u00e1 (Faec) em parceria com a Prefeitura de Iguatu, o evento levou servi\u00e7os, orienta\u00e7\u00f5es t\u00e9cnicas [&hellip;]<\/p>\n","protected":false},"author":1,"featured_media":18377,"comment_status":"open","ping_status":"open","sticky":false,"template":"","format":"standard","meta":{"footnotes":""},"categories":[5],"tags":[],"class_list":{"0":"post-18375","1":"post","2":"type-post","3":"status-publish","4":"format-standard","5":"has-post-thumbnail","7":"category-noticias","8":"czr-hentry"},"_links":{"self":[{"href":"https:\/\/faec.org.br\/senar\/wp-json\/wp\/v2\/posts\/18375","targetHints":{"allow":["GET"]}}],"collection":[{"href":"https:\/\/faec.org.br\/senar\/wp-json\/wp\/v2\/posts"}],"about":[{"href":"https:\/\/faec.org.br\/senar\/wp-json\/wp\/v2\/types\/post"}],"author":[{"embeddable":true,"href":"https:\/\/faec.org.br\/senar\/wp-json\/wp\/v2\/users\/1"}],"replies":[{"embeddable":true,"href":"https:\/\/faec.org.br\/senar\/wp-json\/wp\/v2\/comments?post=18375"}],"version-history":[{"count":1,"href":"https:\/\/faec.org.br\/senar\/wp-json\/wp\/v2\/posts\/18375\/revisions"}],"predecessor-version":[{"id":18378,"href":"https:\/\/faec.org.br\/senar\/wp-json\/wp\/v2\/posts\/18375\/revisions\/18378"}],"wp:featuredmedia":[{"embeddable":true,"href":"https:\/\/faec.org.br\/senar\/wp-json\/wp\/v2\/media\/18377"}],"wp:attachment":[{"href":"https:\/\/faec.org.br\/senar\/wp-json\/wp\/v2\/media?parent=18375"}],"wp:term":[{"taxonomy":"category","embeddable":true,"href":"https:\/\/faec.org.br\/senar\/wp-json\/wp\/v2\/categories?post=18375"},{"taxonomy":"post_tag","embeddable":true,"href":"https:\/\/faec.org.br\/senar\/wp-json\/wp\/v2\/tags?post=18375"}],"curies":[{"name":"wp","href":"https:\/\/api.w.org\/{rel}","templated":true}]}}