{"id":19634,"date":"2026-03-04T11:05:47","date_gmt":"2026-03-04T14:05:47","guid":{"rendered":"https:\/\/faec.org.br\/sistema\/?p=19634"},"modified":"2026-03-04T11:05:47","modified_gmt":"2026-03-04T14:05:47","slug":"presidente-da-faec-recebe-visita-do-comandante-da-10a-regiao-militar","status":"publish","type":"post","link":"http:\/\/faec.org.br\/sistema\/presidente-da-faec-recebe-visita-do-comandante-da-10a-regiao-militar\/","title":{"rendered":"Presidente da Faec recebe visita do Comandante da 10\u00aa Regi\u00e3o Militar"},"content":{"rendered":"<p><img loading=\"lazy\" decoding=\"async\" class=\"aligncenter size-full wp-image-19635\" src=\"http:\/\/faec.org.br\/sistema\/wp-content\/uploads\/2026\/03\/Faec-10Rm1.jpg\" alt=\"\" width=\"1600\" height=\"1200\" srcset=\"http:\/\/faec.org.br\/sistema\/wp-content\/uploads\/2026\/03\/Faec-10Rm1.jpg 1600w, http:\/\/faec.org.br\/sistema\/wp-content\/uploads\/2026\/03\/Faec-10Rm1-300x225.jpg 300w, http:\/\/faec.org.br\/sistema\/wp-content\/uploads\/2026\/03\/Faec-10Rm1-1440x1080.jpg 1440w, http:\/\/faec.org.br\/sistema\/wp-content\/uploads\/2026\/03\/Faec-10Rm1-768x576.jpg 768w, http:\/\/faec.org.br\/sistema\/wp-content\/uploads\/2026\/03\/Faec-10Rm1-1536x1152.jpg 1536w, http:\/\/faec.org.br\/sistema\/wp-content\/uploads\/2026\/03\/Faec-10Rm1-24x18.jpg 24w, http:\/\/faec.org.br\/sistema\/wp-content\/uploads\/2026\/03\/Faec-10Rm1-36x27.jpg 36w, http:\/\/faec.org.br\/sistema\/wp-content\/uploads\/2026\/03\/Faec-10Rm1-48x36.jpg 48w\" sizes=\"auto, (max-width: 1600px) 100vw, 1600px\" \/><\/p>\n<p>O presidente da Federa\u00e7\u00e3o da Agricultura e Pecu\u00e1ria do Cear\u00e1 (Faec), Am\u00edlcar Silveira, recebeu, na manh\u00e3 desta quarta-feira (4), o comandante da 10\u00aa Regi\u00e3o Militar, general de divis\u00e3o Ivon Barreto Le\u00e3o, que assumiu o posto em julho de 2025.<\/p>\n<p>A reuni\u00e3o foi realizada no Centro de Intelig\u00eancia e Inova\u00e7\u00e3o da Agropecu\u00e1ria do Cear\u00e1 (Ciiagro), do Sistema Faec\/Senar. Na ocasi\u00e3o, Am\u00edlcar apresentou aos oficiais do Ex\u00e9rcito Brasileiro o banco de dados do agro cearense, as principais a\u00e7\u00f5es desenvolvidas pela entidade, destacando a \u00e1rea de atua\u00e7\u00e3o, al\u00e9m de metas e objetivos voltados ao fortalecimento do setor agropecu\u00e1rio no Estado.<\/p>\n<p>O encontro, que contou com a participa\u00e7\u00e3o da diretoria e de t\u00e9cnicos do Sistema Faec\/Senar, refor\u00e7a o di\u00e1logo institucional entre as entidades e a import\u00e2ncia da integra\u00e7\u00e3o para o desenvolvimento regional.<\/p>\n","protected":false},"excerpt":{"rendered":"<p>O presidente da Federa\u00e7\u00e3o da Agricultura e Pecu\u00e1ria do Cear\u00e1 (Faec), Am\u00edlcar Silveira, recebeu, na manh\u00e3 desta quarta-feira (4), o comandante da 10\u00aa Regi\u00e3o Militar, general de divis\u00e3o Ivon Barreto Le\u00e3o, que assumiu o posto em julho de 2025. A reuni\u00e3o foi realizada no Centro de Intelig\u00eancia e Inova\u00e7\u00e3o da Agropecu\u00e1ria do Cear\u00e1 (Ciiagro), do [&hellip;]<\/p>\n","protected":false},"author":1,"featured_media":19636,"comment_status":"open","ping_status":"open","sticky":false,"template":"","format":"standard","meta":{"footnotes":"","_links_to":"","_links_to_target":""},"categories":[5],"tags":[],"class_list":{"0":"post-19634","1":"post","2":"type-post","3":"status-publish","4":"format-standard","5":"has-post-thumbnail","7":"category-noticias","8":"czr-hentry"},"aioseo_notices":[],"_links":{"self":[{"href":"http:\/\/faec.org.br\/sistema\/wp-json\/wp\/v2\/posts\/19634","targetHints":{"allow":["GET"]}}],"collection":[{"href":"http:\/\/faec.org.br\/sistema\/wp-json\/wp\/v2\/posts"}],"about":[{"href":"http:\/\/faec.org.br\/sistema\/wp-json\/wp\/v2\/types\/post"}],"author":[{"embeddable":true,"href":"http:\/\/faec.org.br\/sistema\/wp-json\/wp\/v2\/users\/1"}],"replies":[{"embeddable":true,"href":"http:\/\/faec.org.br\/sistema\/wp-json\/wp\/v2\/comments?post=19634"}],"version-history":[{"count":1,"href":"http:\/\/faec.org.br\/sistema\/wp-json\/wp\/v2\/posts\/19634\/revisions"}],"predecessor-version":[{"id":19637,"href":"http:\/\/faec.org.br\/sistema\/wp-json\/wp\/v2\/posts\/19634\/revisions\/19637"}],"wp:featuredmedia":[{"embeddable":true,"href":"http:\/\/faec.org.br\/sistema\/wp-json\/wp\/v2\/media\/19636"}],"wp:attachment":[{"href":"http:\/\/faec.org.br\/sistema\/wp-json\/wp\/v2\/media?parent=19634"}],"wp:term":[{"taxonomy":"category","embeddable":true,"href":"http:\/\/faec.org.br\/sistema\/wp-json\/wp\/v2\/categories?post=19634"},{"taxonomy":"post_tag","embeddable":true,"href":"http:\/\/faec.org.br\/sistema\/wp-json\/wp\/v2\/tags?post=19634"}],"curies":[{"name":"wp","href":"https:\/\/api.w.org\/{rel}","templated":true}]}}