{"id":17962,"date":"2024-11-25T09:10:04","date_gmt":"2024-11-25T12:10:04","guid":{"rendered":"https:\/\/faec.org.br\/sistema\/?p=17962"},"modified":"2024-11-25T09:14:14","modified_gmt":"2024-11-25T12:14:14","slug":"meteorologistas-esperam-chuvas-na-media-ou-acima-da-media-para-o-ceara-em-2025","status":"publish","type":"post","link":"http:\/\/faec.org.br\/sistema\/meteorologistas-esperam-chuvas-na-media-ou-acima-da-media-para-o-ceara-em-2025\/","title":{"rendered":"Meteorologistas esperam chuvas na m\u00e9dia ou acima da m\u00e9dia para o Cear\u00e1 em 2025"},"content":{"rendered":"<p><img loading=\"lazy\" decoding=\"async\" class=\"aligncenter size-large wp-image-17963\" src=\"http:\/\/faec.org.br\/sistema\/wp-content\/uploads\/2024\/11\/114a0dc1-f6da-43c7-8a5c-b86e5fe9144a-1440x1080.jpg\" alt=\"\" width=\"1140\" height=\"855\" srcset=\"http:\/\/faec.org.br\/sistema\/wp-content\/uploads\/2024\/11\/114a0dc1-f6da-43c7-8a5c-b86e5fe9144a-1440x1080.jpg 1440w, http:\/\/faec.org.br\/sistema\/wp-content\/uploads\/2024\/11\/114a0dc1-f6da-43c7-8a5c-b86e5fe9144a-300x225.jpg 300w, http:\/\/faec.org.br\/sistema\/wp-content\/uploads\/2024\/11\/114a0dc1-f6da-43c7-8a5c-b86e5fe9144a-768x576.jpg 768w, http:\/\/faec.org.br\/sistema\/wp-content\/uploads\/2024\/11\/114a0dc1-f6da-43c7-8a5c-b86e5fe9144a-1536x1152.jpg 1536w, http:\/\/faec.org.br\/sistema\/wp-content\/uploads\/2024\/11\/114a0dc1-f6da-43c7-8a5c-b86e5fe9144a-24x18.jpg 24w, http:\/\/faec.org.br\/sistema\/wp-content\/uploads\/2024\/11\/114a0dc1-f6da-43c7-8a5c-b86e5fe9144a-36x27.jpg 36w, http:\/\/faec.org.br\/sistema\/wp-content\/uploads\/2024\/11\/114a0dc1-f6da-43c7-8a5c-b86e5fe9144a-48x36.jpg 48w, http:\/\/faec.org.br\/sistema\/wp-content\/uploads\/2024\/11\/114a0dc1-f6da-43c7-8a5c-b86e5fe9144a.jpg 1600w\" sizes=\"auto, (max-width: 1140px) 100vw, 1140px\" \/><\/p>\n<p>Em evento promovido pela Federa\u00e7\u00e3o da Agricultura do Estado do Cear\u00e1 (Faec), para cerca de 1.000 produtores rurais, tr\u00eas dos principais meteorologistas do Brasil apresentaram seus progn\u00f3sticos para a quadra chuvosa do Cear\u00e1 em 2025. A expectativa, segundo os especialistas, \u00e9 de que o Estado registre chuvas dentro da m\u00e9dia ou acima da m\u00e9dia.<\/p>\n<p>O evento, realizado dentro da programa\u00e7\u00e3o da 17\u00aa edi\u00e7\u00e3o do FestBerro. contou com a participa\u00e7\u00e3o de:<\/p>\n<p><strong>Ronaldo Coutinho<\/strong>\u00a0(meteorologista, fundador da empresa de previs\u00e3o meteorol\u00f3gica Climaterra e do Canal do Tempo);<br \/>\n<strong>Luiz Carlos Molion<\/strong>\u00a0(meteorologista, pesquisador e professor aposentado da Universidade Federal de Alagoas), e;<br \/>\n<strong>Antoniane Arantes<\/strong>\u00a0(engenheiro agr\u00edcola e especialistas em an\u00e1lise de dados clim\u00e1ticos, respons\u00e1vel pelo boletim de hidrometeorologia do Estado de S\u00e3o Paulo &#8211; CATI-SAA\/SP).<\/p>\n<p><img loading=\"lazy\" decoding=\"async\" class=\" wp-image-17965 alignleft\" src=\"http:\/\/faec.org.br\/sistema\/wp-content\/uploads\/2024\/11\/9cda1994-0cc6-4a99-8198-96d0241d8644-1440x1080.jpg\" alt=\"\" width=\"307\" height=\"230\" srcset=\"http:\/\/faec.org.br\/sistema\/wp-content\/uploads\/2024\/11\/9cda1994-0cc6-4a99-8198-96d0241d8644-1440x1080.jpg 1440w, http:\/\/faec.org.br\/sistema\/wp-content\/uploads\/2024\/11\/9cda1994-0cc6-4a99-8198-96d0241d8644-300x225.jpg 300w, http:\/\/faec.org.br\/sistema\/wp-content\/uploads\/2024\/11\/9cda1994-0cc6-4a99-8198-96d0241d8644-768x576.jpg 768w, http:\/\/faec.org.br\/sistema\/wp-content\/uploads\/2024\/11\/9cda1994-0cc6-4a99-8198-96d0241d8644-1536x1152.jpg 1536w, http:\/\/faec.org.br\/sistema\/wp-content\/uploads\/2024\/11\/9cda1994-0cc6-4a99-8198-96d0241d8644-24x18.jpg 24w, http:\/\/faec.org.br\/sistema\/wp-content\/uploads\/2024\/11\/9cda1994-0cc6-4a99-8198-96d0241d8644-36x27.jpg 36w, http:\/\/faec.org.br\/sistema\/wp-content\/uploads\/2024\/11\/9cda1994-0cc6-4a99-8198-96d0241d8644-48x36.jpg 48w, http:\/\/faec.org.br\/sistema\/wp-content\/uploads\/2024\/11\/9cda1994-0cc6-4a99-8198-96d0241d8644.jpg 1600w\" sizes=\"auto, (max-width: 307px) 100vw, 307px\" \/>Antoniane Arantes projetou um volume de chuvas dentro da normalidade para 2025. \u201cA expectativa \u00e9 que tenhamos um ano de La Ni\u00f1a, portanto a gente espera que seja um ano de normalidade. Recomendamos aos produtores rurais que realizem seus plantios dentro da normalidade das condi\u00e7\u00f5es de chuvas da sua regi\u00e3o\u201d, disse. Arantes recomendou que o produtor adote pr\u00e1ticas de conserva\u00e7\u00e3o do solo em suas propriedades para favorecer a cria\u00e7\u00e3o de microclima.<\/p>\n<p>&nbsp;<\/p>\n<p><img loading=\"lazy\" decoding=\"async\" class=\" wp-image-17966 alignleft\" src=\"http:\/\/faec.org.br\/sistema\/wp-content\/uploads\/2024\/11\/7d946c9f-8bf1-40cd-8c98-93e2b8d4bb63-810x1080.jpg\" alt=\"\" width=\"306\" height=\"408\" srcset=\"http:\/\/faec.org.br\/sistema\/wp-content\/uploads\/2024\/11\/7d946c9f-8bf1-40cd-8c98-93e2b8d4bb63-810x1080.jpg 810w, http:\/\/faec.org.br\/sistema\/wp-content\/uploads\/2024\/11\/7d946c9f-8bf1-40cd-8c98-93e2b8d4bb63-225x300.jpg 225w, http:\/\/faec.org.br\/sistema\/wp-content\/uploads\/2024\/11\/7d946c9f-8bf1-40cd-8c98-93e2b8d4bb63-768x1024.jpg 768w, http:\/\/faec.org.br\/sistema\/wp-content\/uploads\/2024\/11\/7d946c9f-8bf1-40cd-8c98-93e2b8d4bb63-1152x1536.jpg 1152w, http:\/\/faec.org.br\/sistema\/wp-content\/uploads\/2024\/11\/7d946c9f-8bf1-40cd-8c98-93e2b8d4bb63-18x24.jpg 18w, http:\/\/faec.org.br\/sistema\/wp-content\/uploads\/2024\/11\/7d946c9f-8bf1-40cd-8c98-93e2b8d4bb63-27x36.jpg 27w, http:\/\/faec.org.br\/sistema\/wp-content\/uploads\/2024\/11\/7d946c9f-8bf1-40cd-8c98-93e2b8d4bb63-36x48.jpg 36w, http:\/\/faec.org.br\/sistema\/wp-content\/uploads\/2024\/11\/7d946c9f-8bf1-40cd-8c98-93e2b8d4bb63.jpg 1200w\" sizes=\"auto, (max-width: 306px) 100vw, 306px\" \/>Luiz Carlos Molion, por sua vez, disse que as condi\u00e7\u00f5es de chuvas para o sert\u00e3o cearense ser\u00e3o boas tanto no final deste ano como em 2025, o que dever\u00e1 contribuir para recuperar parte do que foi perdido em 2024, mas discordou de que essa expectativa se deva \u00e0 ocorr\u00eancia do La Ni\u00f1a. O meteorologista afirmou que as chuvas no Cear\u00e1 em 2025 depender\u00e3o da intera\u00e7\u00e3o das frentes frias dos hemisf\u00e9rios Norte e Sul, com boas perspectivas para o Estado. \u201cN\u00e3o acredito que haja condi\u00e7\u00f5es para termos uma La Ni\u00f1a\u201d, disse.<\/p>\n<p>Molion disse ainda que a tend\u00eancia \u00e9 que n\u00e3o sejam registradas secas severas nos pr\u00f3ximos 10 anos no Cear\u00e1. E sugeriu a ado\u00e7\u00e3o de cultivos de plantas resistentes \u00e0 seca, como a &#8220;tuna&#8221; (cacto mexicano) e o sorgo gran\u00edfero, alternativas para \u00e1reas com baixa disponibilidade h\u00eddrica.<\/p>\n<p>&nbsp;<\/p>\n<p><img loading=\"lazy\" decoding=\"async\" class=\" wp-image-17971 alignleft\" src=\"http:\/\/faec.org.br\/sistema\/wp-content\/uploads\/2024\/11\/63ba28ca-f7ff-4359-821c-6061039051fb-1458x1080.jpg\" alt=\"\" width=\"313\" height=\"232\" srcset=\"http:\/\/faec.org.br\/sistema\/wp-content\/uploads\/2024\/11\/63ba28ca-f7ff-4359-821c-6061039051fb-1458x1080.jpg 1458w, http:\/\/faec.org.br\/sistema\/wp-content\/uploads\/2024\/11\/63ba28ca-f7ff-4359-821c-6061039051fb-300x222.jpg 300w, http:\/\/faec.org.br\/sistema\/wp-content\/uploads\/2024\/11\/63ba28ca-f7ff-4359-821c-6061039051fb-768x569.jpg 768w, http:\/\/faec.org.br\/sistema\/wp-content\/uploads\/2024\/11\/63ba28ca-f7ff-4359-821c-6061039051fb-1536x1138.jpg 1536w, http:\/\/faec.org.br\/sistema\/wp-content\/uploads\/2024\/11\/63ba28ca-f7ff-4359-821c-6061039051fb-24x18.jpg 24w, http:\/\/faec.org.br\/sistema\/wp-content\/uploads\/2024\/11\/63ba28ca-f7ff-4359-821c-6061039051fb-36x27.jpg 36w, http:\/\/faec.org.br\/sistema\/wp-content\/uploads\/2024\/11\/63ba28ca-f7ff-4359-821c-6061039051fb-48x36.jpg 48w, http:\/\/faec.org.br\/sistema\/wp-content\/uploads\/2024\/11\/63ba28ca-f7ff-4359-821c-6061039051fb.jpg 1600w\" sizes=\"auto, (max-width: 313px) 100vw, 313px\" \/>Ronaldo Coutinho, que participou por videoconfer\u00eancia, tamb\u00e9m confirmou as expectativas favor\u00e1veis para a quadra chuvosa no Cear\u00e1 em 2025, destacando a expectativa de chuvas acima da m\u00e9dia entre janeiro e mar\u00e7o e dentro da m\u00e9dia, a partir de abril. Coutinho alertou ainda para os microclimas na regi\u00e3o centro-sul do Cear\u00e1, que podem apresentar varia\u00e7\u00f5es significativas de \u00edndices pluviom\u00e9tricos, de modo que o produtor n\u00e3o deva se precipitar no plantio.<\/p>\n<p>De forma geral, os meteorologistas indicam boas condi\u00e7\u00f5es para a agricultura em 2025, com expectativa de chuvas favor\u00e1veis ao Cear\u00e1 e ao Nordeste. O progn\u00f3stico diverge da expectativa da Funda\u00e7\u00e3o Cearense de Meteorologia e Recursos H\u00eddricos (Funceme), que antecipou sua previs\u00e3o para novembro, indicando 45% de chance de chuvas abaixo da m\u00e9dia para o per\u00edodo Dezembro-Janeiro-Fevereiro.<\/p>\n<p><img loading=\"lazy\" decoding=\"async\" class=\"aligncenter size-full wp-image-17964\" src=\"http:\/\/faec.org.br\/sistema\/wp-content\/uploads\/2024\/11\/9cb8415c-5124-4f44-b500-7ebc1bc7b093.jpg\" alt=\"\" width=\"1196\" height=\"734\" srcset=\"http:\/\/faec.org.br\/sistema\/wp-content\/uploads\/2024\/11\/9cb8415c-5124-4f44-b500-7ebc1bc7b093.jpg 1196w, http:\/\/faec.org.br\/sistema\/wp-content\/uploads\/2024\/11\/9cb8415c-5124-4f44-b500-7ebc1bc7b093-300x184.jpg 300w, http:\/\/faec.org.br\/sistema\/wp-content\/uploads\/2024\/11\/9cb8415c-5124-4f44-b500-7ebc1bc7b093-768x471.jpg 768w, http:\/\/faec.org.br\/sistema\/wp-content\/uploads\/2024\/11\/9cb8415c-5124-4f44-b500-7ebc1bc7b093-570x350.jpg 570w, http:\/\/faec.org.br\/sistema\/wp-content\/uploads\/2024\/11\/9cb8415c-5124-4f44-b500-7ebc1bc7b093-24x15.jpg 24w, http:\/\/faec.org.br\/sistema\/wp-content\/uploads\/2024\/11\/9cb8415c-5124-4f44-b500-7ebc1bc7b093-36x22.jpg 36w, http:\/\/faec.org.br\/sistema\/wp-content\/uploads\/2024\/11\/9cb8415c-5124-4f44-b500-7ebc1bc7b093-48x29.jpg 48w\" sizes=\"auto, (max-width: 1196px) 100vw, 1196px\" \/><\/p>\n<p><strong>Import\u00e2ncia do evento<\/strong><br \/>\nO presidente da Faec, Am\u00edlcar Silveira, destacou que o principal objetivo do evento \u00e9 oferecer ao produtor rural cearense outros estudos, al\u00e9m dos j\u00e1 fornecidos pela Funceme, com anteced\u00eancia suficiente para o planejamento da planta\u00e7\u00e3o e colheita. \u201cTrouxemos tr\u00eas dos principais especialistas em an\u00e1lises meteorol\u00f3gicas do Brasil para apresentar seus progn\u00f3sticos e ajudar o produtor a tomar sua decis\u00e3o\u201d, disse Am\u00edlcar. \u201cNo ano passado, a Funceme errou e resolvemos trazer outras opini\u00f5es. E escolhemos Tau\u00e1 porque aqui est\u00e1 o povo que precisa acertar suas previs\u00f5es para conviver com a seca\u201d.<\/p>\n<p>O evento tamb\u00e9m foi uma oportunidade para estreitar o di\u00e1logo entre meteorologistas e produtores, visando garantir que a agropecu\u00e1ria cearense se prepare adequadamente para as condi\u00e7\u00f5es meteorol\u00f3gicas.<\/p>\n<p><strong>Confira o v\u00eddeo com a \u00edntegra do evento:<\/strong><\/p>\n<figure class=\"wp-block-embed wp-block-embed-youtube is-type-video is-provider-youtube epyt-figure\"><div class=\"wp-block-embed__wrapper\"><iframe loading=\"lazy\"  id=\"_ytid_84395\"  width=\"1140\" height=\"641\"  data-origwidth=\"1140\" data-origheight=\"641\" src=\"https:\/\/www.youtube.com\/embed\/Lc1ouHdFIaE?enablejsapi=1&autoplay=0&cc_load_policy=0&iv_load_policy=1&loop=0&modestbranding=0&fs=1&playsinline=0&controls=1&color=red&cc_lang_pref=&rel=1&autohide=2&theme=dark&\" class=\"__youtube_prefs__  no-lazyload\" title=\"YouTube player\"  allow=\"accelerometer; autoplay; clipboard-write; encrypted-media; gyroscope; picture-in-picture\" allowfullscreen data-no-lazy=\"1\" data-skipgform_ajax_framebjll=\"\"><\/iframe><\/div><\/figure>\n<p>&nbsp;<\/p>\n","protected":false},"excerpt":{"rendered":"<p>Em evento promovido pela Federa\u00e7\u00e3o da Agricultura do Estado do Cear\u00e1 (Faec), para cerca de 1.000 produtores rurais, tr\u00eas dos principais meteorologistas do Brasil apresentaram seus progn\u00f3sticos para a quadra chuvosa do Cear\u00e1 em 2025. A expectativa, segundo os especialistas, \u00e9 de que o Estado registre chuvas dentro da m\u00e9dia ou acima da m\u00e9dia. O [&hellip;]<\/p>\n","protected":false},"author":1,"featured_media":17968,"comment_status":"open","ping_status":"open","sticky":false,"template":"","format":"standard","meta":{"footnotes":"","_links_to":"","_links_to_target":""},"categories":[5],"tags":[],"class_list":{"0":"post-17962","1":"post","2":"type-post","3":"status-publish","4":"format-standard","5":"has-post-thumbnail","7":"category-noticias","8":"czr-hentry"},"aioseo_notices":[],"_links":{"self":[{"href":"http:\/\/faec.org.br\/sistema\/wp-json\/wp\/v2\/posts\/17962","targetHints":{"allow":["GET"]}}],"collection":[{"href":"http:\/\/faec.org.br\/sistema\/wp-json\/wp\/v2\/posts"}],"about":[{"href":"http:\/\/faec.org.br\/sistema\/wp-json\/wp\/v2\/types\/post"}],"author":[{"embeddable":true,"href":"http:\/\/faec.org.br\/sistema\/wp-json\/wp\/v2\/users\/1"}],"replies":[{"embeddable":true,"href":"http:\/\/faec.org.br\/sistema\/wp-json\/wp\/v2\/comments?post=17962"}],"version-history":[{"count":5,"href":"http:\/\/faec.org.br\/sistema\/wp-json\/wp\/v2\/posts\/17962\/revisions"}],"predecessor-version":[{"id":17974,"href":"http:\/\/faec.org.br\/sistema\/wp-json\/wp\/v2\/posts\/17962\/revisions\/17974"}],"wp:featuredmedia":[{"embeddable":true,"href":"http:\/\/faec.org.br\/sistema\/wp-json\/wp\/v2\/media\/17968"}],"wp:attachment":[{"href":"http:\/\/faec.org.br\/sistema\/wp-json\/wp\/v2\/media?parent=17962"}],"wp:term":[{"taxonomy":"category","embeddable":true,"href":"http:\/\/faec.org.br\/sistema\/wp-json\/wp\/v2\/categories?post=17962"},{"taxonomy":"post_tag","embeddable":true,"href":"http:\/\/faec.org.br\/sistema\/wp-json\/wp\/v2\/tags?post=17962"}],"curies":[{"name":"wp","href":"https:\/\/api.w.org\/{rel}","templated":true}]}}