{"id":16434,"date":"2023-01-30T08:19:09","date_gmt":"2023-01-30T11:19:09","guid":{"rendered":"http:\/\/faec.org.br\/sistema\/?p=16434"},"modified":"2023-01-30T08:19:09","modified_gmt":"2023-01-30T11:19:09","slug":"faec-quer-feiras-livres-de-produtos-organicos-em-bairros-nobres-fortaleza","status":"publish","type":"post","link":"http:\/\/faec.org.br\/sistema\/faec-quer-feiras-livres-de-produtos-organicos-em-bairros-nobres-fortaleza\/","title":{"rendered":"Faec quer feiras livres de produtos org\u00e2nicos em bairros nobres Fortaleza"},"content":{"rendered":"<p><img loading=\"lazy\" decoding=\"async\" class=\"size-medium wp-image-16435 alignleft\" src=\"http:\/\/faec.org.br\/sistema\/wp-content\/uploads\/2023\/01\/quixada1-300x225.jpg\" alt=\"\" width=\"300\" height=\"225\" srcset=\"http:\/\/faec.org.br\/sistema\/wp-content\/uploads\/2023\/01\/quixada1-300x225.jpg 300w, http:\/\/faec.org.br\/sistema\/wp-content\/uploads\/2023\/01\/quixada1-1440x1080.jpg 1440w, http:\/\/faec.org.br\/sistema\/wp-content\/uploads\/2023\/01\/quixada1-768x576.jpg 768w, http:\/\/faec.org.br\/sistema\/wp-content\/uploads\/2023\/01\/quixada1-1536x1152.jpg 1536w, http:\/\/faec.org.br\/sistema\/wp-content\/uploads\/2023\/01\/quixada1-24x18.jpg 24w, http:\/\/faec.org.br\/sistema\/wp-content\/uploads\/2023\/01\/quixada1-36x27.jpg 36w, http:\/\/faec.org.br\/sistema\/wp-content\/uploads\/2023\/01\/quixada1-48x36.jpg 48w, http:\/\/faec.org.br\/sistema\/wp-content\/uploads\/2023\/01\/quixada1.jpg 1600w\" sizes=\"auto, (max-width: 300px) 100vw, 300px\" \/>Com o intuito de abrir novos canais de venda para produtores rurais cearenses, a Federa\u00e7\u00e3o da Agricultura e Pecu\u00e1ria do Estado do Cear\u00e1 (Faec) pretende promover feiras livres em 20 munic\u00edpios do Interior e na Capital. Nesta sexta-feira (27), o Sistema Faec Senar realizou a &#8220;Feira do Produtor Rural de Quixad\u00e1\u201d, onde foram comercializados produtos da regi\u00e3o.<\/p>\n<p>\u201cA feira de Quixad\u00e1 superou as expectativas e queremos levar esse projeto para outros 20 munic\u00edpios\u201d, disse o presidente da Faec, Am\u00edlcar Silveira. \u201cCom isso, queremos que o produtor rural possa vender seus produtos diretamente ao consumidor\u201d. Para Fortaleza, Am\u00edlcar pretende promover feiras de produtos org\u00e2nicos, de maior valor agregado, em bairros nobres. \u201cVamos trazer de volta as feiras livres para a Capital\u201d, diz o presidente da Faec. A ideia \u00e9 distribuir a \u201cFeira do Produtor\u201d ao longo de seis dias (de segunda a s\u00e1bado) em seis diferentes bairros da Capital.<\/p>\n<p>A expectativa da Faec \u00e9 de que, em Fortaleza, a Feira do Produtor Rural tenha a presen\u00e7a de at\u00e9 80 produtores em cujas barracas ser\u00e3o expostas e comercializadas frutas, hortali\u00e7as, flores, rapadura, queijos, dentre outros produtos. &#8220;Faremos, assim, a liga\u00e7\u00e3o direta do produtor com o consumidor&#8221;, diz Am\u00edlcar Silveira. A proposta ser\u00e1 apresentada \u00e0 Prefeitura de Fortaleza.<\/p>\n<p><strong>Feira de Quixad\u00e1<\/strong><br \/>\nDurante a &#8220;Feira do Produtor Rural de Quixad\u00e1: Boas Pr\u00e1ticas de Higiene e Manipula\u00e7\u00e3o de Alimentos&#8221;, evento realizado em frente ao mercado p\u00fablico do Munic\u00edpio, foram comercializados produtos de artesanato, latic\u00ednios, frutas, legumes, hortali\u00e7as e pratos t\u00edpicos.<\/p>\n<p><img loading=\"lazy\" decoding=\"async\" class=\"size-medium wp-image-16437 aligncenter\" src=\"http:\/\/faec.org.br\/sistema\/wp-content\/uploads\/2023\/01\/quixada5-300x225.jpg\" alt=\"\" width=\"300\" height=\"225\" srcset=\"http:\/\/faec.org.br\/sistema\/wp-content\/uploads\/2023\/01\/quixada5-300x225.jpg 300w, http:\/\/faec.org.br\/sistema\/wp-content\/uploads\/2023\/01\/quixada5-1440x1080.jpg 1440w, http:\/\/faec.org.br\/sistema\/wp-content\/uploads\/2023\/01\/quixada5-768x576.jpg 768w, http:\/\/faec.org.br\/sistema\/wp-content\/uploads\/2023\/01\/quixada5-1536x1152.jpg 1536w, http:\/\/faec.org.br\/sistema\/wp-content\/uploads\/2023\/01\/quixada5-24x18.jpg 24w, http:\/\/faec.org.br\/sistema\/wp-content\/uploads\/2023\/01\/quixada5-36x27.jpg 36w, http:\/\/faec.org.br\/sistema\/wp-content\/uploads\/2023\/01\/quixada5-48x36.jpg 48w, http:\/\/faec.org.br\/sistema\/wp-content\/uploads\/2023\/01\/quixada5.jpg 1600w\" sizes=\"auto, (max-width: 300px) 100vw, 300px\" \/><\/p>\n<p>O evento foi fruto de uma parceria entre Sistema Faec Senar e Prefeitura Municipal de Quixad\u00e1 e contou com a presen\u00e7a do prefeito de Quixad\u00e1, Ricardo Silveira, do superintendente do Senar Cear\u00e1, S\u00e9rgio Oliveira, al\u00e9m do presidente da Faec, Am\u00edlcar Silveira.<\/p>\n","protected":false},"excerpt":{"rendered":"<p>Com o intuito de abrir novos canais de venda para produtores rurais cearenses, a Federa\u00e7\u00e3o da Agricultura e Pecu\u00e1ria do Estado do Cear\u00e1 (Faec) pretende promover feiras livres em 20 munic\u00edpios do Interior e na Capital. Nesta sexta-feira (27), o Sistema Faec Senar realizou a &#8220;Feira do Produtor Rural de Quixad\u00e1\u201d, onde foram comercializados produtos [&hellip;]<\/p>\n","protected":false},"author":1,"featured_media":16435,"comment_status":"open","ping_status":"open","sticky":false,"template":"","format":"standard","meta":{"footnotes":"","_links_to":"","_links_to_target":""},"categories":[5],"tags":[286],"class_list":{"0":"post-16434","1":"post","2":"type-post","3":"status-publish","4":"format-standard","5":"has-post-thumbnail","7":"category-noticias","8":"tag-feiralivre-quixada","9":"czr-hentry"},"aioseo_notices":[],"_links":{"self":[{"href":"http:\/\/faec.org.br\/sistema\/wp-json\/wp\/v2\/posts\/16434","targetHints":{"allow":["GET"]}}],"collection":[{"href":"http:\/\/faec.org.br\/sistema\/wp-json\/wp\/v2\/posts"}],"about":[{"href":"http:\/\/faec.org.br\/sistema\/wp-json\/wp\/v2\/types\/post"}],"author":[{"embeddable":true,"href":"http:\/\/faec.org.br\/sistema\/wp-json\/wp\/v2\/users\/1"}],"replies":[{"embeddable":true,"href":"http:\/\/faec.org.br\/sistema\/wp-json\/wp\/v2\/comments?post=16434"}],"version-history":[{"count":1,"href":"http:\/\/faec.org.br\/sistema\/wp-json\/wp\/v2\/posts\/16434\/revisions"}],"predecessor-version":[{"id":16438,"href":"http:\/\/faec.org.br\/sistema\/wp-json\/wp\/v2\/posts\/16434\/revisions\/16438"}],"wp:featuredmedia":[{"embeddable":true,"href":"http:\/\/faec.org.br\/sistema\/wp-json\/wp\/v2\/media\/16435"}],"wp:attachment":[{"href":"http:\/\/faec.org.br\/sistema\/wp-json\/wp\/v2\/media?parent=16434"}],"wp:term":[{"taxonomy":"category","embeddable":true,"href":"http:\/\/faec.org.br\/sistema\/wp-json\/wp\/v2\/categories?post=16434"},{"taxonomy":"post_tag","embeddable":true,"href":"http:\/\/faec.org.br\/sistema\/wp-json\/wp\/v2\/tags?post=16434"}],"curies":[{"name":"wp","href":"https:\/\/api.w.org\/{rel}","templated":true}]}}