{"id":16075,"date":"2022-09-15T15:07:29","date_gmt":"2022-09-15T18:07:29","guid":{"rendered":"http:\/\/faec.org.br\/sistema\/?p=16075"},"modified":"2022-09-15T15:10:45","modified_gmt":"2022-09-15T18:10:45","slug":"senar-realiza-reuniao-de-nivelamento-na-regiao-do-sertao-dos-inhamuns","status":"publish","type":"post","link":"http:\/\/faec.org.br\/sistema\/senar-realiza-reuniao-de-nivelamento-na-regiao-do-sertao-dos-inhamuns\/","title":{"rendered":"Senar realiza reuni\u00e3o de nivelamento na regi\u00e3o do Sert\u00e3o dos Inhamuns"},"content":{"rendered":"<p><img loading=\"lazy\" decoding=\"async\" class=\"size-medium wp-image-16081 alignleft\" src=\"http:\/\/faec.org.br\/sistema\/wp-content\/uploads\/2022\/09\/inhamuns1-300x225.jpg\" alt=\"\" width=\"300\" height=\"225\" srcset=\"http:\/\/faec.org.br\/sistema\/wp-content\/uploads\/2022\/09\/inhamuns1-300x225.jpg 300w, http:\/\/faec.org.br\/sistema\/wp-content\/uploads\/2022\/09\/inhamuns1-1440x1080.jpg 1440w, http:\/\/faec.org.br\/sistema\/wp-content\/uploads\/2022\/09\/inhamuns1-768x576.jpg 768w, http:\/\/faec.org.br\/sistema\/wp-content\/uploads\/2022\/09\/inhamuns1-1536x1152.jpg 1536w, http:\/\/faec.org.br\/sistema\/wp-content\/uploads\/2022\/09\/inhamuns1-24x18.jpg 24w, http:\/\/faec.org.br\/sistema\/wp-content\/uploads\/2022\/09\/inhamuns1-36x27.jpg 36w, http:\/\/faec.org.br\/sistema\/wp-content\/uploads\/2022\/09\/inhamuns1-48x36.jpg 48w, http:\/\/faec.org.br\/sistema\/wp-content\/uploads\/2022\/09\/inhamuns1.jpg 1600w\" sizes=\"auto, (max-width: 300px) 100vw, 300px\" \/>Representantes do Sistema Faec\/Senar realizaram reuni\u00e3o de nivelamento com t\u00e9cnicos Assist\u00eancia T\u00e9cnica e Gerencial (ATeG) da regi\u00e3o do Sert\u00e3o dos Inhamuns para tratar de gargalos relacionados ao escoamento da produ\u00e7\u00e3o, dentre outros assuntos. \u201cHoje o maior entrave para os produtores rurais da regi\u00e3o est\u00e1 relacionada \u00e0 comercializa\u00e7\u00e3o dos produtos\u201d, destacou o superintendente do Senar Cear\u00e1, S\u00e9rgio Oliveira.<\/p>\n<p>Na ocasi\u00e3o, t\u00e9cnicos dos segmentos de ovinocaprinocultura e apicultura, dos munic\u00edpios de Independ\u00eancia, Novo Oriente, Quiterian\u00f3polis, e Crate\u00fas apresentaram suas demandas. \u201cTodos se mostraram muito satisfeitos com a assist\u00eancia t\u00e9cnica ofertada pelo Senar\u201d, disse o superintendente do Senar Cear\u00e1.<\/p>\n<p><img loading=\"lazy\" decoding=\"async\" class=\"size-medium wp-image-16077 aligncenter\" src=\"http:\/\/faec.org.br\/sistema\/wp-content\/uploads\/2022\/09\/inhamuns2-1-300x225.jpg\" alt=\"\" width=\"300\" height=\"225\" srcset=\"http:\/\/faec.org.br\/sistema\/wp-content\/uploads\/2022\/09\/inhamuns2-1-300x225.jpg 300w, http:\/\/faec.org.br\/sistema\/wp-content\/uploads\/2022\/09\/inhamuns2-1-1440x1080.jpg 1440w, http:\/\/faec.org.br\/sistema\/wp-content\/uploads\/2022\/09\/inhamuns2-1-768x576.jpg 768w, http:\/\/faec.org.br\/sistema\/wp-content\/uploads\/2022\/09\/inhamuns2-1-1536x1152.jpg 1536w, http:\/\/faec.org.br\/sistema\/wp-content\/uploads\/2022\/09\/inhamuns2-1-24x18.jpg 24w, http:\/\/faec.org.br\/sistema\/wp-content\/uploads\/2022\/09\/inhamuns2-1-36x27.jpg 36w, http:\/\/faec.org.br\/sistema\/wp-content\/uploads\/2022\/09\/inhamuns2-1-48x36.jpg 48w, http:\/\/faec.org.br\/sistema\/wp-content\/uploads\/2022\/09\/inhamuns2-1.jpg 1600w\" sizes=\"auto, (max-width: 300px) 100vw, 300px\" \/><\/p>\n<p>&nbsp;<\/p>\n<p>O encontro, conduzido por S\u00e9rgio Oliveira, contou com a presen\u00e7a do presidente do Sindicato Rural de Independ\u00eancia, Moacir Gomes de Sousa, do presidente do Sindicato Rural de Crate\u00fas, Ant\u00f4nio Narcelio de Oliveira, do vice-presidente de Administra\u00e7\u00e3o e Finan\u00e7as da Federa\u00e7\u00e3o da Agricultura e Pecu\u00e1ria do Estado do Cear\u00e1 (Faec), Luiz Mendes.<\/p>\n<p><img loading=\"lazy\" decoding=\"async\" class=\"size-medium wp-image-16080 aligncenter\" src=\"http:\/\/faec.org.br\/sistema\/wp-content\/uploads\/2022\/09\/inhamuns3-1-300x225.jpg\" alt=\"\" width=\"300\" height=\"225\" srcset=\"http:\/\/faec.org.br\/sistema\/wp-content\/uploads\/2022\/09\/inhamuns3-1-300x225.jpg 300w, http:\/\/faec.org.br\/sistema\/wp-content\/uploads\/2022\/09\/inhamuns3-1-1440x1080.jpg 1440w, http:\/\/faec.org.br\/sistema\/wp-content\/uploads\/2022\/09\/inhamuns3-1-768x576.jpg 768w, http:\/\/faec.org.br\/sistema\/wp-content\/uploads\/2022\/09\/inhamuns3-1-1536x1152.jpg 1536w, http:\/\/faec.org.br\/sistema\/wp-content\/uploads\/2022\/09\/inhamuns3-1-24x18.jpg 24w, http:\/\/faec.org.br\/sistema\/wp-content\/uploads\/2022\/09\/inhamuns3-1-36x27.jpg 36w, http:\/\/faec.org.br\/sistema\/wp-content\/uploads\/2022\/09\/inhamuns3-1-48x36.jpg 48w, http:\/\/faec.org.br\/sistema\/wp-content\/uploads\/2022\/09\/inhamuns3-1.jpg 1600w\" sizes=\"auto, (max-width: 300px) 100vw, 300px\" \/><\/p>\n","protected":false},"excerpt":{"rendered":"<p>Representantes do Sistema Faec\/Senar realizaram reuni\u00e3o de nivelamento com t\u00e9cnicos Assist\u00eancia T\u00e9cnica e Gerencial (ATeG) da regi\u00e3o do Sert\u00e3o dos Inhamuns para tratar de gargalos relacionados ao escoamento da produ\u00e7\u00e3o, dentre outros assuntos. \u201cHoje o maior entrave para os produtores rurais da regi\u00e3o est\u00e1 relacionada \u00e0 comercializa\u00e7\u00e3o dos produtos\u201d, destacou o superintendente do Senar Cear\u00e1, [&hellip;]<\/p>\n","protected":false},"author":1,"featured_media":16081,"comment_status":"open","ping_status":"open","sticky":false,"template":"","format":"standard","meta":{"footnotes":"","_links_to":"","_links_to_target":""},"categories":[5,203],"tags":[244],"class_list":{"0":"post-16075","1":"post","2":"type-post","3":"status-publish","4":"format-standard","5":"has-post-thumbnail","7":"category-noticias","8":"category-noticias-dos-sindicatos","9":"tag-ovinocaprinocultura-apicultura-agro-inhamuns","10":"czr-hentry"},"aioseo_notices":[],"_links":{"self":[{"href":"http:\/\/faec.org.br\/sistema\/wp-json\/wp\/v2\/posts\/16075","targetHints":{"allow":["GET"]}}],"collection":[{"href":"http:\/\/faec.org.br\/sistema\/wp-json\/wp\/v2\/posts"}],"about":[{"href":"http:\/\/faec.org.br\/sistema\/wp-json\/wp\/v2\/types\/post"}],"author":[{"embeddable":true,"href":"http:\/\/faec.org.br\/sistema\/wp-json\/wp\/v2\/users\/1"}],"replies":[{"embeddable":true,"href":"http:\/\/faec.org.br\/sistema\/wp-json\/wp\/v2\/comments?post=16075"}],"version-history":[{"count":3,"href":"http:\/\/faec.org.br\/sistema\/wp-json\/wp\/v2\/posts\/16075\/revisions"}],"predecessor-version":[{"id":16084,"href":"http:\/\/faec.org.br\/sistema\/wp-json\/wp\/v2\/posts\/16075\/revisions\/16084"}],"wp:featuredmedia":[{"embeddable":true,"href":"http:\/\/faec.org.br\/sistema\/wp-json\/wp\/v2\/media\/16081"}],"wp:attachment":[{"href":"http:\/\/faec.org.br\/sistema\/wp-json\/wp\/v2\/media?parent=16075"}],"wp:term":[{"taxonomy":"category","embeddable":true,"href":"http:\/\/faec.org.br\/sistema\/wp-json\/wp\/v2\/categories?post=16075"},{"taxonomy":"post_tag","embeddable":true,"href":"http:\/\/faec.org.br\/sistema\/wp-json\/wp\/v2\/tags?post=16075"}],"curies":[{"name":"wp","href":"https:\/\/api.w.org\/{rel}","templated":true}]}}