{"id":15760,"date":"2022-05-16T16:44:10","date_gmt":"2022-05-16T19:44:10","guid":{"rendered":"http:\/\/faec.org.br\/sistema\/?p=15760"},"modified":"2022-05-16T16:44:10","modified_gmt":"2022-05-16T19:44:10","slug":"faec-quer-dobrar-producao-de-flores-no-ceara-e-alavancar-comercializacao-de-frutas","status":"publish","type":"post","link":"http:\/\/faec.org.br\/sistema\/faec-quer-dobrar-producao-de-flores-no-ceara-e-alavancar-comercializacao-de-frutas\/","title":{"rendered":"Faec quer dobrar produ\u00e7\u00e3o de flores no Cear\u00e1 e alavancar comercializa\u00e7\u00e3o de frutas"},"content":{"rendered":"<p>O presidente da Federa\u00e7\u00e3o da Agricultura e Pecu\u00e1ria do Estado do Cear\u00e1 (Faec), Am\u00edlcar Silveira, se reuniu, na semana passada, em S\u00e3o Paulo, com representantes da maior comercializadora de flores e plantas ornamentais do Brasil, a cooperativa Veiling Holambra. O objetivo, diz Am\u00edlcar, \u00e9 trazer a cooperativa ao Estado para comercializar frutas e contribuir para a meta de dobrar a produ\u00e7\u00e3o de flores no Cear\u00e1.<\/p>\n<p>\u201cConvidamos a Veiling para comercializar frutas no Cear\u00e1 e aumentar a floricultura na regi\u00e3o da Ibiapaba\u201d, destacou o presidenta Faec ap\u00f3s reuni\u00e3o com Jorge Possato, CEO da Veiling, e Eddy Eleutjes, presidente da cooperativa. Com mais de 400 unidades associadas e um faturamento anual superior a R$ 1,5 bilh\u00e3o (2021), a Cooperativa Veiling est\u00e1 incubando uma nova cooperativa que ser\u00e1 voltada para a comercializa\u00e7\u00e3o de frutas.<\/p>\n<p>Os diretores da Veiling estar\u00e3o em Fortaleza para participar do 15\u00ba Pecnordeste &#8211; Semin\u00e1rio Nordestino de Pecu\u00e1rio, que ser\u00e1 realizado de 29 de junho a 01 de julho deste ano, no Centro de Eventos do Cear\u00e1.<\/p>\n<p>Al\u00e9m de Am\u00edlcar Silveira, a comitiva cearense contou com a participa\u00e7\u00e3o de In\u00e1cio Parente, vice-presidente da Faec, Theodoro Jacob Swart, produtor de flores em Ubajara, e Carlos Matos, consultor da Faec.<\/p>\n","protected":false},"excerpt":{"rendered":"<p>O presidente da Federa\u00e7\u00e3o da Agricultura e Pecu\u00e1ria do Estado do Cear\u00e1 (Faec), Am\u00edlcar Silveira, se reuniu, na semana passada, em S\u00e3o Paulo, com representantes da maior comercializadora de flores e plantas ornamentais do Brasil, a cooperativa Veiling Holambra. O objetivo, diz Am\u00edlcar, \u00e9 trazer a cooperativa ao Estado para comercializar frutas e contribuir para [&hellip;]<\/p>\n","protected":false},"author":2,"featured_media":15761,"comment_status":"open","ping_status":"open","sticky":false,"template":"","format":"standard","meta":{"footnotes":"","_links_to":"","_links_to_target":""},"categories":[17,18,5,26],"tags":[],"class_list":{"0":"post-15760","1":"post","2":"type-post","3":"status-publish","4":"format-standard","5":"has-post-thumbnail","7":"category-floricultura","8":"category-fruticultura","9":"category-noticias","10":"category-destaque","11":"czr-hentry"},"aioseo_notices":[],"_links":{"self":[{"href":"http:\/\/faec.org.br\/sistema\/wp-json\/wp\/v2\/posts\/15760","targetHints":{"allow":["GET"]}}],"collection":[{"href":"http:\/\/faec.org.br\/sistema\/wp-json\/wp\/v2\/posts"}],"about":[{"href":"http:\/\/faec.org.br\/sistema\/wp-json\/wp\/v2\/types\/post"}],"author":[{"embeddable":true,"href":"http:\/\/faec.org.br\/sistema\/wp-json\/wp\/v2\/users\/2"}],"replies":[{"embeddable":true,"href":"http:\/\/faec.org.br\/sistema\/wp-json\/wp\/v2\/comments?post=15760"}],"version-history":[{"count":1,"href":"http:\/\/faec.org.br\/sistema\/wp-json\/wp\/v2\/posts\/15760\/revisions"}],"predecessor-version":[{"id":15762,"href":"http:\/\/faec.org.br\/sistema\/wp-json\/wp\/v2\/posts\/15760\/revisions\/15762"}],"wp:featuredmedia":[{"embeddable":true,"href":"http:\/\/faec.org.br\/sistema\/wp-json\/wp\/v2\/media\/15761"}],"wp:attachment":[{"href":"http:\/\/faec.org.br\/sistema\/wp-json\/wp\/v2\/media?parent=15760"}],"wp:term":[{"taxonomy":"category","embeddable":true,"href":"http:\/\/faec.org.br\/sistema\/wp-json\/wp\/v2\/categories?post=15760"},{"taxonomy":"post_tag","embeddable":true,"href":"http:\/\/faec.org.br\/sistema\/wp-json\/wp\/v2\/tags?post=15760"}],"curies":[{"name":"wp","href":"https:\/\/api.w.org\/{rel}","templated":true}]}}